{"id":973,"date":"2020-10-05T21:59:12","date_gmt":"2020-10-05T19:59:12","guid":{"rendered":"http:\/\/www.gimnasticna-zveza.si\/?p=973"},"modified":"2020-10-05T21:59:17","modified_gmt":"2020-10-05T19:59:17","slug":"rok-klavora-v-sombotelu-pokoril-konkurenco","status":"publish","type":"post","link":"https:\/\/gimnasticna-zveza.si\/index.php\/2020\/10\/05\/rok-klavora-v-sombotelu-pokoril-konkurenco\/","title":{"rendered":"Rok Klavora v Sombotelu pokoril konkurenco"},"content":{"rendered":"\n<p>Sombotel, 03. oktobra (STA) &#8211; Slovenski telovadec Rok Klavora je na edinem svetovnem pokalu, ki je \u0161e ostal na gimnasti\u010dnem koledarju 2020, svetovnem izzivu v Sombotelu, v finalu parterja ugnal vso konkurenco in z oceno 14 to\u010dk slavil zmago. To je za 32-letnega Ljubljan\u010dana po Mariboru 2011, Ljubljani 2016 in Cottbusu 2017 \u0161e \u010detrta zmaga na tekmah svetovnega pokala.<\/p>\n\n\n\n<p>&#8220;Zelo sem vesel zmage. V tej sezoni, ki jo je zaznamoval covid-19, se dolgo sploh ni vedelo, ali tekma bo ali ne. Mi smo vsak dan trdo delali in zdaj je trud popla\u010dan. Ta medalja je gotovo tudi motivacija za naprej,&#8221; je takoj po zmagi, ki je zaradi koronske krize nedvomno \u0161e toliko slaj\u0161a, za STA dejal Klavora.<\/p>\n\n\n\n<p>Tako kot ves \u0161port je tudi gimnastiko, ki je zgolj dvoranski \u0161port, mo\u010dno prizadela koronavirusna pandemija. Sezona se je nenadno kon\u010dala marca, ko so prireditelji svetovnega pokala v Bakuju kar sredi tekme, ve\u010der pred finalnimi nastopi, odpovedali nadaljnje tekmovanje.<\/p>\n\n\n\n<p>Nato so si odpovedi ali prelo\u017eitve tekem sledile ena za drugo, na koledarju 2020 je kot edini svetovni pokal ostal Sombotel. Organizatorji so udele\u017eencem nalo\u017eili nekaj pogojev, med drugim dva zaporedna negativna testa na koronavirus, a jim je na tekmo vseeno uspelo privabiti \u0161tevilna zvene\u010da imena gimnasti\u010dnega \u0161porta.<\/p>\n\n\n\n<p>Klavora, ki je bil lani na tem tradicionalnem prizori\u0161\u010du svetovnega pokala \u010detrti, v karieri pa je v dvorani Arena Savaria \u017ee stal tudi na odru za zmagovalce, je imel v petkovih kvalifikacijah sedmo oceno. Po nastopu se je jezil zaradi napake ob koncu sestave in za finale odkrito napovedal boj za zmago.<\/p>\n\n\n\n<p>Sam je bil pred finalom odlo\u010den, da bo nastopil s te\u017ejo razli\u010dico sestave, a se je po ogrevanju, ko se je po\u010dutil te\u017ekega in imel tudi nekaj treme, posvetoval s selektorjem Sebastijanom Pileti\u010dem, ki mu je o\u010ditno dal dober nasvet.<\/p>\n\n\n\n<p>&#8220;Nameraval sem prikazati te\u017ejo sestavo, ampak se pred tekmo nisem najbolje po\u010dutil. Pile (selektor Sebastijan Pileti\u010d, op. STA) mi je svetoval, naj se raj\u0161i osredoto\u010dim na lep\u0161o izvedbo la\u017eje razli\u010dice vaje in popravim \u0161e tisto napako iz kvalifikacij. Upo\u0161teval sem ga, prikazal lepo vajo in zmagal,&#8221; se je po nastopu \u0161iroko smejalo Klavori.<\/p>\n\n\n\n<p>Priznal je, da je imel po napaki v kvalifikacijah kar sre\u010do, da je sploh ostal znotraj najbolj\u0161e osmerice finalistov, da je precej trepetal za finale. To ga je \u0161e bolj pod\u017egalo za dana\u0161nji nastop.<\/p>\n\n\n\n<p>&#8220;\u017de v kvalifikacijah sem imel tremo, saj je bila to prva tekma po res dolgem \u010dasu. A zelo rad tekmujem. Na orodje sem \u0161el tretji po vrsti, zelo dobro opravil vajo, nato pa sem le \u010dakal, kaj bo. Telovadci za menoj so tekmovali, a eden za drugim zaostajali za mano. Vedno bolj sem postajal evfori\u010den. Ko je kon\u010dal \u0161e zadnji, sem lahko roke dvignil visoko v zrak,&#8221; se je veselil telovadec be\u017eigrajskega Sokola.<\/p>\n\n\n\n<p>Zdaj si predvsem \u017eeli, da bo Evropski gimnastiki (UEG) decembra uspelo organizirati prelo\u017eeno evropsko prvenstvo. &#8220;Ta uspeh je tudi motivacija za naprej. Upam, da bomo imeli pandemiji navkljub v letu 2020 tudi evropsko prvenstvo. Zelo si \u017eelim \u0161e vsaj eno tekmo letos.&#8221;<\/p>\n\n\n\n<p>Slovenija je imela na Mad\u017earskem \u0161e enega finalista; Luka Bojanc je na krogih pri\u0161el do uspeha kariere, saj je prvi\u010d nastopil med osmerico najbolj\u0161ih in z oceno 12,600 kon\u010dal na \u0161estem mestu.<\/p>\n\n\n\n<p>Poleg Klavore in Bojanca so v Sombotelu tekmovali \u0161e Jure Weingerl, ki je na parterju zasedel 11. mesto, Jure Pavlica, ki je bil na konju z ro\u010daji 12., ter Luka Ki\u0161ek, ki je bil na konju 18.<\/p>\n\n\n\n<p>Tekma na Mad\u017earskem se bo sicer kon\u010dala v nedeljo s finali po preostalih orodjih, vendar brez slovenskega zastopstva.<\/p>\n","protected":false},"excerpt":{"rendered":"<p>Sombotel, 03. oktobra (STA) &#8211; Slovenski telovadec Rok Klavora je<span class=\"excerpt-hellip\"> [\u2026]<\/span><\/p>\n","protected":false},"author":3,"featured_media":975,"comment_status":"open","ping_status":"open","sticky":false,"template":"","format":"standard","meta":{"_monsterinsights_skip_tracking":false,"_monsterinsights_sitenote_active":false,"_monsterinsights_sitenote_note":"","_monsterinsights_sitenote_category":0,"footnotes":""},"categories":[28],"tags":[],"class_list":["post-973","post","type-post","status-publish","format-standard","has-post-thumbnail","hentry","category-vrhunski-sport"],"_links":{"self":[{"href":"https:\/\/gimnasticna-zveza.si\/index.php\/wp-json\/wp\/v2\/posts\/973","targetHints":{"allow":["GET"]}}],"collection":[{"href":"https:\/\/gimnasticna-zveza.si\/index.php\/wp-json\/wp\/v2\/posts"}],"about":[{"href":"https:\/\/gimnasticna-zveza.si\/index.php\/wp-json\/wp\/v2\/types\/post"}],"author":[{"embeddable":true,"href":"https:\/\/gimnasticna-zveza.si\/index.php\/wp-json\/wp\/v2\/users\/3"}],"replies":[{"embeddable":true,"href":"https:\/\/gimnasticna-zveza.si\/index.php\/wp-json\/wp\/v2\/comments?post=973"}],"version-history":[{"count":1,"href":"https:\/\/gimnasticna-zveza.si\/index.php\/wp-json\/wp\/v2\/posts\/973\/revisions"}],"predecessor-version":[{"id":976,"href":"https:\/\/gimnasticna-zveza.si\/index.php\/wp-json\/wp\/v2\/posts\/973\/revisions\/976"}],"wp:featuredmedia":[{"embeddable":true,"href":"https:\/\/gimnasticna-zveza.si\/index.php\/wp-json\/wp\/v2\/media\/975"}],"wp:attachment":[{"href":"https:\/\/gimnasticna-zveza.si\/index.php\/wp-json\/wp\/v2\/media?parent=973"}],"wp:term":[{"taxonomy":"category","embeddable":true,"href":"https:\/\/gimnasticna-zveza.si\/index.php\/wp-json\/wp\/v2\/categories?post=973"},{"taxonomy":"post_tag","embeddable":true,"href":"https:\/\/gimnasticna-zveza.si\/index.php\/wp-json\/wp\/v2\/tags?post=973"}],"curies":[{"name":"wp","href":"https:\/\/api.w.org\/{rel}","templated":true}]}}