{"id":9205,"date":"2026-03-29T18:13:14","date_gmt":"2026-03-29T16:13:14","guid":{"rendered":"https:\/\/www.gimnasticna-zveza.si\/?p=9205"},"modified":"2026-03-29T18:14:52","modified_gmt":"2026-03-29T16:14:52","slug":"pokal-slovenije-v-skupinskih-sestavah","status":"publish","type":"post","link":"https:\/\/gimnasticna-zveza.si\/index.php\/2026\/03\/29\/pokal-slovenije-v-skupinskih-sestavah\/","title":{"rendered":"Pokal Slovenije v skupinskih sestavah"},"content":{"rendered":"\n<p><strong>Danes je v Ljubljani potekal Pokal Slovenije v skupinskih sestavah, kjer so se dekleta borile za naslov pokalnih prvakinj. V absolutni kategoriji je naslov s petimi \u017eogami osvojila me\u0161ana ekipa KRG \u0160i\u0161ka\/\u0160D Moste in z me\u0161anim rekvizitom ekipa KRG Tim\/\u0160i\u0161ka.<\/strong><\/p>\n\n\n\n<p>V Gimnasti\u010dnem centru Ljubljana so se danes zbrale slovenske tekmovalke v ritmi\u010dni gimnastiki, ki so se predstavile v skupinskih sestavah. Borile so se za tri naslove pokalnih prvakinj v skupinskih sestavah.<\/p>\n\n\n\n<p>Naslov pokalnih prvakinj je v obveznem rekvizitu osvojila me\u0161ana ekipa <strong>KRG \u0160i\u0161ka in \u0160D Moste<\/strong> (Kolar Ela, Neme\u0161 Inka, Vajda Anja, Kon\u010dek Vida, \u0160ebenik Lara, Jagodi\u010d Ta\u0161a), ki je skupaj zbrala 18,933 to\u010dk. Z 0,200 zaostanka je srebrna medalja pripadla me\u0161ani ekipi <strong>KRG Tim in KRG \u0160i\u0161ka<\/strong> (Zajc Zoja, Jevnikar Kaja, Ivankovi\u010d Mia, Rengifo Kopi\u010di\u010d Raquel, Aksentijevi\u0107 Tiana). Tretje mesto je pripadlo ekipi <strong>KRG \u0160pica<\/strong> (Zajc Zoja, JEVNIKAR Kaja, Ivankovi\u010d Mia, Rengifo Kopi\u010di\u010d Raquel, Aksentijevi\u0107 Tiana), ki so prejel oceno 15,100.<\/p>\n\n\n\n<p>V rekvizitu po izbiri je zlato medaljo in s tem tudi naslov pokalnih prvakinj z oceno 20,733 osvojila me\u0161ana ekipa <strong>KRG Tim in KRG \u0160i\u0161ka<\/strong> (Bla\u017e Tia, Ivankovi\u010d Mia, Rengifo Kopi\u010di\u010d Raquel, Jevnikar Kaja, Aksentijevi\u0107 Tiana). Drugo mesto je z oceno 14,733 pripadlo <strong>KRG TJA\u0160A \u0160EME 2<\/strong> (Kau\u010di\u010d Ela, Dru\u0161kovi\u010d Zala, Smrkolj Zarja, Jemec Patricija, Kociper Ajda). Bron pa je z oceno 14,400 osvojila ekipa <strong>KRG \u0160i\u0161ka 1<\/strong> (Cafnik Lenja, Potokar Alina, Kokalj Tara, Rebi\u0107 Tja\u0161a, Kobal Ajda).<\/p>\n\n\n\n<p>V parih in trojicah je slavila ekipa <strong>KRG Narodnega doma Ljubljana<\/strong> (Nina Malova in Maru\u0161a \u017dagar) z oceno 18,800, srebro so osvojile prav tako predstavnice <strong>KRG Narodnega doma Ljubljana <\/strong>(Lara Poto\u010dnik in Manja Poto\u010dnik) z oceno 17,750 in bron je z oceno 16,467 pripadel ekipi <strong>KRG Tja\u0161a \u0160eme<\/strong> (Klara \u0160u\u0161tar in Ela Zupin).<\/p>\n\n\n\n<figure class=\"wp-block-gallery has-nested-images columns-default is-cropped wp-block-gallery-1 is-layout-flex wp-block-gallery-is-layout-flex\">\n<figure class=\"wp-block-image size-large\"><img fetchpriority=\"high\" decoding=\"async\" width=\"1024\" height=\"768\" data-id=\"9211\" src=\"https:\/\/www.gimnasticna-zveza.si\/wp-content\/uploads\/2026\/03\/viber_image_2026-03-29_18-11-37-977-1-1024x768.jpg\" alt=\"\" class=\"wp-image-9211\" srcset=\"https:\/\/gimnasticna-zveza.si\/wp-content\/uploads\/2026\/03\/viber_image_2026-03-29_18-11-37-977-1-1024x768.jpg 1024w, https:\/\/gimnasticna-zveza.si\/wp-content\/uploads\/2026\/03\/viber_image_2026-03-29_18-11-37-977-1-300x225.jpg 300w, https:\/\/gimnasticna-zveza.si\/wp-content\/uploads\/2026\/03\/viber_image_2026-03-29_18-11-37-977-1-768x576.jpg 768w, https:\/\/gimnasticna-zveza.si\/wp-content\/uploads\/2026\/03\/viber_image_2026-03-29_18-11-37-977-1-1536x1152.jpg 1536w, https:\/\/gimnasticna-zveza.si\/wp-content\/uploads\/2026\/03\/viber_image_2026-03-29_18-11-37-977-1-100x75.jpg 100w, https:\/\/gimnasticna-zveza.si\/wp-content\/uploads\/2026\/03\/viber_image_2026-03-29_18-11-37-977-1-960x720.jpg 960w, https:\/\/gimnasticna-zveza.si\/wp-content\/uploads\/2026\/03\/viber_image_2026-03-29_18-11-37-977-1-480x360.jpg 480w, https:\/\/gimnasticna-zveza.si\/wp-content\/uploads\/2026\/03\/viber_image_2026-03-29_18-11-37-977-1.jpg 1600w\" sizes=\"(max-width:767px) 480px, (max-width:1024px) 100vw, 1024px\" \/><\/figure>\n\n\n\n<figure class=\"wp-block-image size-large\"><img decoding=\"async\" width=\"1024\" height=\"768\" data-id=\"9206\" src=\"https:\/\/www.gimnasticna-zveza.si\/wp-content\/uploads\/2026\/03\/viber_image_2026-03-29_18-11-35-921-1024x768.jpg\" alt=\"\" class=\"wp-image-9206\" srcset=\"https:\/\/gimnasticna-zveza.si\/wp-content\/uploads\/2026\/03\/viber_image_2026-03-29_18-11-35-921-1024x768.jpg 1024w, https:\/\/gimnasticna-zveza.si\/wp-content\/uploads\/2026\/03\/viber_image_2026-03-29_18-11-35-921-300x225.jpg 300w, https:\/\/gimnasticna-zveza.si\/wp-content\/uploads\/2026\/03\/viber_image_2026-03-29_18-11-35-921-768x576.jpg 768w, https:\/\/gimnasticna-zveza.si\/wp-content\/uploads\/2026\/03\/viber_image_2026-03-29_18-11-35-921-1536x1152.jpg 1536w, https:\/\/gimnasticna-zveza.si\/wp-content\/uploads\/2026\/03\/viber_image_2026-03-29_18-11-35-921-100x75.jpg 100w, https:\/\/gimnasticna-zveza.si\/wp-content\/uploads\/2026\/03\/viber_image_2026-03-29_18-11-35-921-960x720.jpg 960w, https:\/\/gimnasticna-zveza.si\/wp-content\/uploads\/2026\/03\/viber_image_2026-03-29_18-11-35-921-480x360.jpg 480w, https:\/\/gimnasticna-zveza.si\/wp-content\/uploads\/2026\/03\/viber_image_2026-03-29_18-11-35-921.jpg 1600w\" sizes=\"(max-width:767px) 480px, (max-width:1024px) 100vw, 1024px\" \/><\/figure>\n<\/figure>\n\n\n\n<p>Razpleti:<\/p>\n\n\n\n<p>ABSOLUTNA KATEGORIJA \u2013 5x \u017eoga<\/p>\n\n\n\n<ol class=\"wp-block-list\">\n<li>KRG \u0160i\u0161ka\/\u0160D Moste- \u017eoge (Kolar Ela, Neme\u0161 Inka, Vajda Anja, Kon\u010dek Vida, \u0160ebenik Lara, Jagodi\u010d Ta\u0161a) 18,933 to\u010dk<\/li>\n\n\n\n<li>KRG Tim&amp;\u0160i\u0161ka (Zajc Zoja, Jevnikar Kaja, Ivankovi\u010d Mia, Rengifo Kopi\u010di\u010d Raquel, Aksentijevi\u0107 Tian), 18,733 to\u010dk<\/li>\n\n\n\n<li>KRG \u0160pica (Molnar Kaja, Tav\u010dar Vita, Bohinc Metka, Kupljen Romy, Novak Anja, Pucelj Roza), 15,100 to\u010dk<\/li>\n<\/ol>\n\n\n\n<p>ABSOLUTNA KATEGORIJA \u2013 me\u0161an rekvizit<\/p>\n\n\n\n<ol class=\"wp-block-list\">\n<li>KRG Tim&amp;\u0160i\u0161ka (Bla\u017e Tia, Ivankovi\u010d Mia, Rengifo Kopi\u010di\u010d Raquel, JEVNIKAR Kaja, Aksentijevi\u0107 Tiana), 20,733 to\u010dk<\/li>\n\n\n\n<li>KRG TJA\u0160A \u0160EME 2 (Kau\u010di\u010d Ela, Dru\u0161kovi\u010d Zala, Smrkolj Zarja, Jemec Patricija, Kociper Ajda) 14,733 to\u010dk<\/li>\n\n\n\n<li>KRG \u0160i\u0161ka 1 (Cafnik Lenja, Potokar Alina, Kokalj Tara, Rebi\u0107 Tja\u0161a, Kobal Ajda), 14,400 to\u010dk<\/li>\n<\/ol>\n\n\n\n<p>ABSOLUTNA KATEGORIJA \u2013 pari in trojke<\/p>\n\n\n\n<ol class=\"wp-block-list\">\n<li>par Maru\u0161a Nina (Malova Nina in \u017dagar Maru\u0161a), 18,800 to\u010dk<\/li>\n\n\n\n<li>par Manja Lara (Poto\u010dnik Lara in Poto\u010dnik Manja), 17,750 to\u010dk<\/li>\n\n\n\n<li>KRG TJA\u0160A \u0160EME &#8211; Klara, Ela (seniors_hoop) (\u0160u\u0161tar Klara in Zupin Ela), 16,467 to\u010dk<\/li>\n<\/ol>\n\n\n\n<figure class=\"wp-block-image size-large\"><img decoding=\"async\" width=\"1024\" height=\"717\" src=\"https:\/\/www.gimnasticna-zveza.si\/wp-content\/uploads\/2026\/02\/12_sponzorji_gzs_banner_mailchimp_februar-2026-1024x717.jpg\" alt=\"\" class=\"wp-image-9068\" srcset=\"https:\/\/gimnasticna-zveza.si\/wp-content\/uploads\/2026\/02\/12_sponzorji_gzs_banner_mailchimp_februar-2026-1024x717.jpg 1024w, https:\/\/gimnasticna-zveza.si\/wp-content\/uploads\/2026\/02\/12_sponzorji_gzs_banner_mailchimp_februar-2026-300x210.jpg 300w, https:\/\/gimnasticna-zveza.si\/wp-content\/uploads\/2026\/02\/12_sponzorji_gzs_banner_mailchimp_februar-2026-768x538.jpg 768w, https:\/\/gimnasticna-zveza.si\/wp-content\/uploads\/2026\/02\/12_sponzorji_gzs_banner_mailchimp_februar-2026-107x75.jpg 107w, https:\/\/gimnasticna-zveza.si\/wp-content\/uploads\/2026\/02\/12_sponzorji_gzs_banner_mailchimp_februar-2026-480x336.jpg 480w, https:\/\/gimnasticna-zveza.si\/wp-content\/uploads\/2026\/02\/12_sponzorji_gzs_banner_mailchimp_februar-2026.jpg 1417w\" sizes=\"(max-width:767px) 480px, (max-width:1024px) 100vw, 1024px\" \/><\/figure>\n","protected":false},"excerpt":{"rendered":"<p>Danes je v Ljubljani potekal Pokal Slovenije v skupinskih sestavah,<span class=\"excerpt-hellip\"> [\u2026]<\/span><\/p>\n","protected":false},"author":8,"featured_media":9207,"comment_status":"open","ping_status":"open","sticky":false,"template":"","format":"standard","meta":{"_monsterinsights_skip_tracking":false,"_monsterinsights_sitenote_active":false,"_monsterinsights_sitenote_note":"","_monsterinsights_sitenote_category":0,"footnotes":""},"categories":[31],"tags":[],"class_list":["post-9205","post","type-post","status-publish","format-standard","has-post-thumbnail","hentry","category-gimnastika"],"_links":{"self":[{"href":"https:\/\/gimnasticna-zveza.si\/index.php\/wp-json\/wp\/v2\/posts\/9205","targetHints":{"allow":["GET"]}}],"collection":[{"href":"https:\/\/gimnasticna-zveza.si\/index.php\/wp-json\/wp\/v2\/posts"}],"about":[{"href":"https:\/\/gimnasticna-zveza.si\/index.php\/wp-json\/wp\/v2\/types\/post"}],"author":[{"embeddable":true,"href":"https:\/\/gimnasticna-zveza.si\/index.php\/wp-json\/wp\/v2\/users\/8"}],"replies":[{"embeddable":true,"href":"https:\/\/gimnasticna-zveza.si\/index.php\/wp-json\/wp\/v2\/comments?post=9205"}],"version-history":[{"count":2,"href":"https:\/\/gimnasticna-zveza.si\/index.php\/wp-json\/wp\/v2\/posts\/9205\/revisions"}],"predecessor-version":[{"id":9212,"href":"https:\/\/gimnasticna-zveza.si\/index.php\/wp-json\/wp\/v2\/posts\/9205\/revisions\/9212"}],"wp:featuredmedia":[{"embeddable":true,"href":"https:\/\/gimnasticna-zveza.si\/index.php\/wp-json\/wp\/v2\/media\/9207"}],"wp:attachment":[{"href":"https:\/\/gimnasticna-zveza.si\/index.php\/wp-json\/wp\/v2\/media?parent=9205"}],"wp:term":[{"taxonomy":"category","embeddable":true,"href":"https:\/\/gimnasticna-zveza.si\/index.php\/wp-json\/wp\/v2\/categories?post=9205"},{"taxonomy":"post_tag","embeddable":true,"href":"https:\/\/gimnasticna-zveza.si\/index.php\/wp-json\/wp\/v2\/tags?post=9205"}],"curies":[{"name":"wp","href":"https:\/\/api.w.org\/{rel}","templated":true}]}}