{"id":8095,"date":"2025-04-28T17:51:24","date_gmt":"2025-04-28T15:51:24","guid":{"rendered":"https:\/\/www.gimnasticna-zveza.si\/?p=8095"},"modified":"2025-04-28T17:51:26","modified_gmt":"2025-04-28T15:51:26","slug":"za-konec-v-kairu-vita-peta-na-gredi","status":"publish","type":"post","link":"https:\/\/gimnasticna-zveza.si\/index.php\/2025\/04\/28\/za-konec-v-kairu-vita-peta-na-gredi\/","title":{"rendered":"Za konec v Kairu Vita peta na gredi"},"content":{"rendered":"\n<p><strong>Kairo, 28. aprila (STA in GZS) &#8211; Na zadnji postaji sezone svetovnega pokala v gimnastiki v Kairu sta danes v finalih nastopili \u0161e dve mladi slovenski telovadki. Vita Prijanovi\u010d je bila peta na gredi in osma v parterju, Zala Trtnik pa osma na gredi.<\/strong><\/p>\n\n\n\n<p><strong>Vita Prijanovi\u010d in Zala Trtnik <\/strong>sta tako zaokro\u017eili slovenske nastope v Egiptu. Konec tedna je bil za slovensko odpravo zelo uspe\u0161en. <strong>Lucija Hribar<\/strong>, ki je \u017ee po petkovih kvalifikacijah postala skupna zmagovalka svetovnega pokala na dvovi\u0161inski bradlji, je odli\u010dno nastopila tudi v finalu in na drugem mestu zaostala le za olimpijsko prvakinjo na tem orodju iz Pariza, Al\u017eirko <strong>Kaylio Nemour<\/strong>.<\/p>\n\n\n\n<p>Triindvajsetletna slovenska telovadka je tako prvi\u010d v karieri slavila skupno zmago v svetovnem pokalu.<\/p>\n\n\n\n<p>Na preskoku se sicer Teja Belak v petek po napakah ni uvrstila v finale osmerice, kljub temu pa je z dvema zmagama in enim drugim mestom osvojila skupno zmago sezone.<\/p>\n\n\n\n<p>Na zmagovalnem odru je ob koncu sezone v &#8220;top 3&#8221; na preskoku kon\u010dala tudi <strong>Tja\u0161a Kysselef,<\/strong> ki pa v Kairo ni odpotovala. To sezono je na svetovnih pokalih nanizala dve drugi, eno tretje, eno peto in 11. mesto.<\/p>\n\n\n\n<p>Danes sta se v dveh finalnih odlo\u010ditvah predstavili \u0161e dve mladi slovenski tekmovalki. Devetnajstletna <strong>Zala Trtnik<\/strong>, ki nastopa na prvi tekmi po dolgotrajni po\u0161kodbi, se je predstavila v finalu gredi, komaj 16-letna<strong> Vita Prijanovi\u010d<\/strong> pa je nastopila med najbolj\u0161o osmerico tako na gredi kot parterju.<\/p>\n\n\n\n<p>Vita je finale na gredi kon\u010dala na petem mestu z oceno 12,166, na tem orodju je bila osma tudi Zala (11,100). Na prvih treh mestih so bile <strong>Nemour <\/strong>(13,333), <strong>Byol Kyong Jo <\/strong>iz Severne Koreje s 13,000 in Bolgarka <strong>Valentina Georgieva<\/strong> (12,666).<\/p>\n\n\n\n<p><em>&#8220;Viti Prijanovi\u010d so se nastopi iz\u0161li po pri\u010dakovanjih oziroma \u017eeljah, dvakrat je nastopila v finalu, tako na gredi kot parterju. Na gredi je vajo naredila dobro in bila na koncu peta brez ve\u010djih napak. Na parterju, ki ni njeno paradno orodje, pa je zasedla osmo mesto. Zali Trtnik se je nastop v finalu ponesre\u010dil, imela je en padec, tako da je na koncu kon\u010dala na osmem mestu,&#8221;<\/em> je njune nastope ocenil trener <strong>Urban Sever.<\/strong><\/p>\n\n\n\n<p>Na drugem finalu na parterju pa je Vita kon\u010dala na osmem mestu (11,533). Zmagala je doma\u010dinka <strong>Jana Mahmud <\/strong>(13,033), druga je bila <strong>Nemour<\/strong> (12,966), tretja pa <strong>Jin A Chon<\/strong> iz Severne Koreje (12,966).<\/p>\n\n\n\n<figure class=\"wp-block-gallery has-nested-images columns-default is-cropped wp-block-gallery-1 is-layout-flex wp-block-gallery-is-layout-flex\">\n<figure class=\"wp-block-image size-large\"><img fetchpriority=\"high\" decoding=\"async\" width=\"1024\" height=\"717\" data-id=\"8061\" src=\"https:\/\/www.gimnasticna-zveza.si\/wp-content\/uploads\/2025\/04\/11_sponzorji_gzs_banner_mailchimp_februar-2025-002-1024x717.jpg\" alt=\"\" class=\"wp-image-8061\" srcset=\"https:\/\/gimnasticna-zveza.si\/wp-content\/uploads\/2025\/04\/11_sponzorji_gzs_banner_mailchimp_februar-2025-002-1024x717.jpg 1024w, https:\/\/gimnasticna-zveza.si\/wp-content\/uploads\/2025\/04\/11_sponzorji_gzs_banner_mailchimp_februar-2025-002-300x210.jpg 300w, https:\/\/gimnasticna-zveza.si\/wp-content\/uploads\/2025\/04\/11_sponzorji_gzs_banner_mailchimp_februar-2025-002-768x537.jpg 768w, https:\/\/gimnasticna-zveza.si\/wp-content\/uploads\/2025\/04\/11_sponzorji_gzs_banner_mailchimp_februar-2025-002-1536x1075.jpg 1536w, https:\/\/gimnasticna-zveza.si\/wp-content\/uploads\/2025\/04\/11_sponzorji_gzs_banner_mailchimp_februar-2025-002-2048x1433.jpg 2048w, https:\/\/gimnasticna-zveza.si\/wp-content\/uploads\/2025\/04\/11_sponzorji_gzs_banner_mailchimp_februar-2025-002-107x75.jpg 107w, https:\/\/gimnasticna-zveza.si\/wp-content\/uploads\/2025\/04\/11_sponzorji_gzs_banner_mailchimp_februar-2025-002-480x336.jpg 480w, https:\/\/gimnasticna-zveza.si\/wp-content\/uploads\/2025\/04\/11_sponzorji_gzs_banner_mailchimp_februar-2025-002-800x560.jpg 800w\" sizes=\"(max-width:767px) 480px, (max-width:1024px) 100vw, 1024px\" \/><\/figure>\n<\/figure>\n","protected":false},"excerpt":{"rendered":"<p>Kairo, 28. aprila (STA in GZS) &#8211; Na zadnji postaji<span class=\"excerpt-hellip\"> [\u2026]<\/span><\/p>\n","protected":false},"author":8,"featured_media":8096,"comment_status":"open","ping_status":"open","sticky":false,"template":"","format":"standard","meta":{"_monsterinsights_skip_tracking":false,"_monsterinsights_sitenote_active":false,"_monsterinsights_sitenote_note":"","_monsterinsights_sitenote_category":0,"footnotes":""},"categories":[31],"tags":[],"class_list":["post-8095","post","type-post","status-publish","format-standard","has-post-thumbnail","hentry","category-gimnastika"],"_links":{"self":[{"href":"https:\/\/gimnasticna-zveza.si\/index.php\/wp-json\/wp\/v2\/posts\/8095","targetHints":{"allow":["GET"]}}],"collection":[{"href":"https:\/\/gimnasticna-zveza.si\/index.php\/wp-json\/wp\/v2\/posts"}],"about":[{"href":"https:\/\/gimnasticna-zveza.si\/index.php\/wp-json\/wp\/v2\/types\/post"}],"author":[{"embeddable":true,"href":"https:\/\/gimnasticna-zveza.si\/index.php\/wp-json\/wp\/v2\/users\/8"}],"replies":[{"embeddable":true,"href":"https:\/\/gimnasticna-zveza.si\/index.php\/wp-json\/wp\/v2\/comments?post=8095"}],"version-history":[{"count":3,"href":"https:\/\/gimnasticna-zveza.si\/index.php\/wp-json\/wp\/v2\/posts\/8095\/revisions"}],"predecessor-version":[{"id":8100,"href":"https:\/\/gimnasticna-zveza.si\/index.php\/wp-json\/wp\/v2\/posts\/8095\/revisions\/8100"}],"wp:featuredmedia":[{"embeddable":true,"href":"https:\/\/gimnasticna-zveza.si\/index.php\/wp-json\/wp\/v2\/media\/8096"}],"wp:attachment":[{"href":"https:\/\/gimnasticna-zveza.si\/index.php\/wp-json\/wp\/v2\/media?parent=8095"}],"wp:term":[{"taxonomy":"category","embeddable":true,"href":"https:\/\/gimnasticna-zveza.si\/index.php\/wp-json\/wp\/v2\/categories?post=8095"},{"taxonomy":"post_tag","embeddable":true,"href":"https:\/\/gimnasticna-zveza.si\/index.php\/wp-json\/wp\/v2\/tags?post=8095"}],"curies":[{"name":"wp","href":"https:\/\/api.w.org\/{rel}","templated":true}]}}