{"id":8094,"date":"2025-04-27T18:02:04","date_gmt":"2025-04-27T16:02:04","guid":{"rendered":"https:\/\/www.gimnasticna-zveza.si\/?p=8094"},"modified":"2025-04-28T18:32:03","modified_gmt":"2025-04-28T16:32:03","slug":"lucija-hribar-skupno-zmago-v-kairu-potrdila-z-drugim-mestom","status":"publish","type":"post","link":"https:\/\/gimnasticna-zveza.si\/index.php\/2025\/04\/27\/lucija-hribar-skupno-zmago-v-kairu-potrdila-z-drugim-mestom\/","title":{"rendered":"Lucija Hribar skupno zmago v Kairu potrdila z drugim mestom"},"content":{"rendered":"\n<p><strong>Kairo, 27. aprila (STA in GZS) &#8211; Slovenska telovadka Lucija Hribar, ki je \u017ee po petkovih kvalifikacijah Kaira postala skupna zmagovalka svetovnega pokala na dvovi\u0161inski bradlji, je danes odli\u010dno nastopila tudi v finalu. Na zadnji postaji svetovnega pokala sezone v Egiptu je na drugem mestu zaostala le za olimpijsko prvakinjo na tem orodju iz Pariza, Al\u017eirko Kaylio Nemour.<\/strong><\/p>\n\n\n\n<p>Triindvajsetletna slovenska telovadka je prvi\u010d v karieri slavila skupno zmago v svetovnem pokalu, ki jo je z zadnjim nastopom na finalni tekmi sezone kronala z drugim mestom. Za prikazano je prejela oceno 13,133.<\/p>\n\n\n\n<p>Z zmago je navdu\u0161ila tudi <strong>Nemour<\/strong>, ki je nastopila na prvi veliki tekmi po olimpijskih igrah v Franciji in dokazala svoje mojstrstvo s 14,533 to\u010dke.<\/p>\n\n\n\n<p><em>&#8220;Z dana\u0161njo vajo v finalu sem zelo zadovoljna, saj sem naredila zelo lepo vajo, tako kot v kvalifikacijah in sem si priborila s tem drugo mesto. Tekmovala sem tudi z olimpijsko prvakinjo Nemour in sem zelo vesela, da sem se lahko z njo pomerila, saj je moja velika vzornica na bradlji,&#8221;<\/em> je uvodoma ob uspehu iz Kaira sporo\u010dila <strong>Lucija<\/strong>, ki je \u017ee v petek prvi\u010d v karieri postala skupna zmagovalka sezone.<\/p>\n\n\n\n<p><em>&#8220;Leto\u0161nji uspehi na svetovnih pokalih so mi prinesli skupno zmago v se\u0161tevku, \u010desar sem zelo vesela, saj dokazujejo, da sem zelo napredovala in sem na bradlji konkuren\u010dna tudi najbolj\u0161im. Veliko mi pomeni, da mi je to uspelo,&#8221; <\/em>je o skupnem slavju dejala slovenska olimpijka iz Pariza.<\/p>\n\n\n\n<p>Kot je dodala, se bo zdaj najprej pripravila na doma\u010di svetovni izziv v Kopru. <em>&#8220;V nadaljnji spomladanski sezoni me \u010daka najprej Koper, nato pa \u0161e evropsko prvenstvo, in upam, da mi bo \u0161lo \u010dim bolj\u0161e in da bom dosegla \u0161e kak\u0161en tako dober uspeh, kot v prvem delu sezone,&#8221; <\/em>si je za\u017eelela Lucija.<\/p>\n\n\n\n<p>Prva \u017eenska kon\u010dna odlo\u010ditev dneva, finale preskoka, se je razpletel po \u017eeljah slovenske telovadke <strong>Teje Belak<\/strong>. Enaintridesetletnica se v petek po napakah ni uvrstila v finale osmerice, kljub temu pa je z dvema zmagama, enim drugim in enim sedmim mestom osvojila skupno zmago sezone na preskoku.<\/p>\n\n\n\n<p><em>&#8220;Moram priznati, da sem bila danes veliko bolj \u017eiv\u010dna, ko sem spremljala rezultate, kakor sem, kadar sama tekmujem. Na koncu se je zame super izteklo. Oksana \u010cuovitina je zasedla \u0161esto mesto, kar pomeni, da sem v skupnem se\u0161tevku vseeno ostala prva. Mislim, da je to res lep dose\u017eek, \u0161e sploh potem, ko sem se vrnila po porodu,&#8221;<\/em> je v pogovoru za STA povedala najbolj\u0161a telovadka sezone na preskoku.<\/p>\n\n\n\n<p><em>&#8220;Lansko leto sem imela zelo veliko zdravstvenih te\u017eav, nekaj po\u0161kodb, tako da tega uspeha letos res nisem pri\u010dakovala. No, niti nisem ciljala na to,&#8221; j<\/em>e dodala <strong>Teja<\/strong>.<\/p>\n\n\n\n<p>Na zmagovalnem odru je ob koncu sezone v &#8220;top 3&#8221; na preskoku kon\u010dala tudi <strong>Tja\u0161a Kysselef<\/strong>, ki pa v Kairo ni odpotovala. To sezono je na svetovnih pokalih nanizala dve drugi (Cottbus, Doha), eno tretje (Baku), peto (Antalya) ter enajsto mesto (Osijek).<\/p>\n\n\n\n<p>Slovenskih finalnih nastopov na zadnji tekmi sezone pa z uspehi Lucije in Teje\u0161e ni konec. V ponedeljkovih finalih bosta na zadnji tekmi sezone nastopili \u0161e dve mladi slovenski telovadki. Devetnajstletna <strong>Zala Trtnik<\/strong>, ki je nastopila na prvi tekmi po dolgotrajni po\u0161kodbi, se bo predstavila v finalu gredi, komaj 16-letna <strong>Vita Prijanovi\u010d <\/strong>pa bo nastopila med najbolj\u0161o osmerico tako na gredi kot parterju.<\/p>\n\n\n\n<figure class=\"wp-block-image size-large\"><img fetchpriority=\"high\" decoding=\"async\" width=\"1024\" height=\"717\" src=\"https:\/\/www.gimnasticna-zveza.si\/wp-content\/uploads\/2025\/04\/11_sponzorji_gzs_banner_mailchimp_februar-2025-002-1024x717.jpg\" alt=\"\" class=\"wp-image-8061\" srcset=\"https:\/\/gimnasticna-zveza.si\/wp-content\/uploads\/2025\/04\/11_sponzorji_gzs_banner_mailchimp_februar-2025-002-1024x717.jpg 1024w, https:\/\/gimnasticna-zveza.si\/wp-content\/uploads\/2025\/04\/11_sponzorji_gzs_banner_mailchimp_februar-2025-002-300x210.jpg 300w, https:\/\/gimnasticna-zveza.si\/wp-content\/uploads\/2025\/04\/11_sponzorji_gzs_banner_mailchimp_februar-2025-002-768x537.jpg 768w, https:\/\/gimnasticna-zveza.si\/wp-content\/uploads\/2025\/04\/11_sponzorji_gzs_banner_mailchimp_februar-2025-002-1536x1075.jpg 1536w, https:\/\/gimnasticna-zveza.si\/wp-content\/uploads\/2025\/04\/11_sponzorji_gzs_banner_mailchimp_februar-2025-002-2048x1433.jpg 2048w, https:\/\/gimnasticna-zveza.si\/wp-content\/uploads\/2025\/04\/11_sponzorji_gzs_banner_mailchimp_februar-2025-002-107x75.jpg 107w, https:\/\/gimnasticna-zveza.si\/wp-content\/uploads\/2025\/04\/11_sponzorji_gzs_banner_mailchimp_februar-2025-002-480x336.jpg 480w, https:\/\/gimnasticna-zveza.si\/wp-content\/uploads\/2025\/04\/11_sponzorji_gzs_banner_mailchimp_februar-2025-002-800x560.jpg 800w\" sizes=\"(max-width:767px) 480px, (max-width:1024px) 100vw, 1024px\" \/><\/figure>\n","protected":false},"excerpt":{"rendered":"<p>Kairo, 27. aprila (STA in GZS) &#8211; Slovenska telovadka Lucija<span class=\"excerpt-hellip\"> [\u2026]<\/span><\/p>\n","protected":false},"author":8,"featured_media":8102,"comment_status":"open","ping_status":"open","sticky":false,"template":"","format":"standard","meta":{"_monsterinsights_skip_tracking":false,"_monsterinsights_sitenote_active":false,"_monsterinsights_sitenote_note":"","_monsterinsights_sitenote_category":0,"footnotes":""},"categories":[31],"tags":[],"class_list":["post-8094","post","type-post","status-publish","format-standard","has-post-thumbnail","hentry","category-gimnastika"],"_links":{"self":[{"href":"https:\/\/gimnasticna-zveza.si\/index.php\/wp-json\/wp\/v2\/posts\/8094","targetHints":{"allow":["GET"]}}],"collection":[{"href":"https:\/\/gimnasticna-zveza.si\/index.php\/wp-json\/wp\/v2\/posts"}],"about":[{"href":"https:\/\/gimnasticna-zveza.si\/index.php\/wp-json\/wp\/v2\/types\/post"}],"author":[{"embeddable":true,"href":"https:\/\/gimnasticna-zveza.si\/index.php\/wp-json\/wp\/v2\/users\/8"}],"replies":[{"embeddable":true,"href":"https:\/\/gimnasticna-zveza.si\/index.php\/wp-json\/wp\/v2\/comments?post=8094"}],"version-history":[{"count":3,"href":"https:\/\/gimnasticna-zveza.si\/index.php\/wp-json\/wp\/v2\/posts\/8094\/revisions"}],"predecessor-version":[{"id":8123,"href":"https:\/\/gimnasticna-zveza.si\/index.php\/wp-json\/wp\/v2\/posts\/8094\/revisions\/8123"}],"wp:featuredmedia":[{"embeddable":true,"href":"https:\/\/gimnasticna-zveza.si\/index.php\/wp-json\/wp\/v2\/media\/8102"}],"wp:attachment":[{"href":"https:\/\/gimnasticna-zveza.si\/index.php\/wp-json\/wp\/v2\/media?parent=8094"}],"wp:term":[{"taxonomy":"category","embeddable":true,"href":"https:\/\/gimnasticna-zveza.si\/index.php\/wp-json\/wp\/v2\/categories?post=8094"},{"taxonomy":"post_tag","embeddable":true,"href":"https:\/\/gimnasticna-zveza.si\/index.php\/wp-json\/wp\/v2\/tags?post=8094"}],"curies":[{"name":"wp","href":"https:\/\/api.w.org\/{rel}","templated":true}]}}