{"id":7921,"date":"2025-03-08T16:00:00","date_gmt":"2025-03-08T14:00:00","guid":{"rendered":"https:\/\/www.gimnasticna-zveza.si\/?p=7921"},"modified":"2025-03-10T10:15:39","modified_gmt":"2025-03-10T08:15:39","slug":"teja-belak-in-lucija-hribar-srebrni-v-bakuju-tjasa-kysselef-bronasta","status":"publish","type":"post","link":"https:\/\/gimnasticna-zveza.si\/index.php\/2025\/03\/08\/teja-belak-in-lucija-hribar-srebrni-v-bakuju-tjasa-kysselef-bronasta\/","title":{"rendered":"Teja Belak in Lucija Hribar srebrni v Bakuju, Tja\u0161a Kysselef bronasta"},"content":{"rendered":"\n<p><strong>Baku, 08. marca (STA in GZS) &#8211; Slovenska gimnasti\u010dna odprava je prvi dan finalov na svetovnem pokalu v Bakuju presegla pri\u010dakovanja. Teja Belak in Tja\u0161a Kysselef sta na preskoku tudi na drugi postaji sezone stali na zmagovalnem odru, zasedli sta drugo oziroma tretje mesto. Njun uspeh sta dopolnila Lucija Hribar, srebrna na dvovi\u0161inski bradlji, ter Luka Bojanc, peti na krogih.<\/strong><\/p>\n\n\n\n<p>Potem ko sta <strong>Belak<\/strong> in <strong>Kysselef <\/strong>na uvodni tekmi slavili dvojno zmago, sta tokrat prvo stopni\u010dko morali prepustiti Uzbekistanki <strong>Oksani \u010cusoviti<\/strong> (13,515).<\/p>\n\n\n\n<p>Tridesetletna Belak je bila srebrna s 13,366 to\u010dke, vendar sama ni bila povsem zadovoljna s predstavo. &#8220;<em>Ni mi \u0161lo vse po planu, je bil pa na koncu razplet bolj\u0161i, kot sem ga pri\u010dakovala,&#8221; <\/em>je za STA povedala Ljubljan\u010danka, ki je imela pri prvem skoku te\u017eave z doskokom, kjer je tudi izgubila boj za zmago proti uzbekistanski tekmici.<\/p>\n\n\n\n<p>Kljub temu je z novo uvrstitvijo na zmagovalni oder zadovoljna.<em> &#8220;Tokrat je bilo dovolj za drugo mesto, tako da, \u010de povzamem vse skupaj, sem zadovoljna, ker po prvem skoku nisem pri\u010dakovala stopni\u010dk. Glede na oceno, ki sem jo dobila za dober skok v kvalifikacijah, sem mislila, da bo danes veliko slab\u0161a. Vse skupaj je bilo super,&#8221; <\/em>je dodala Belak.<\/p>\n\n\n\n<p>Tretja je bila Kysselef s 13,283 to\u010dke, ki je v Azerbajd\u017eanu tako osvojila svojo jubilejno 30. kolajno na svetovnih pokalih v karieri.<\/p>\n\n\n\n<p><em>&#8220;Danes sem sko\u010dila skoka \u0161e malo bolj\u0161e kot v kvalifikacijah in prejela tudi bolj\u0161o oceno. To, da sem stala potem na bronastem mestu, mi res veliko pomeni,&#8221; <\/em>je uvodoma dejala 31-letna telovadka.<\/p>\n\n\n\n<p><em>&#8220;\u017delela sem si, da bi se moja sezona tako za\u010dela, tako da ne bi mogla biti bolj sre\u010dna in hvale\u017ena, da mi je to danes uspelo. Za prihodnje tekme si pa \u017eelim, da bi skoke naredila isto dobro oziroma \u0161e malo bolj\u0161e in se potegovala \u0161e za kak\u0161no medaljo,&#8221;<\/em> je \u0161e pojasnila Kysselef.<\/p>\n\n\n\n<p>Na dvovi\u0161inski bradlji pa je blestela <strong>Lucija Hribar<\/strong>, ki se ji nastop na prvi tekmi sezone v Cottbusu ni posre\u010dil, tokrat pa se je s \u010detrtega mesta po kvalifikacijah v finalu povzpela na zmagovalni oder in osvojila srebrno odli\u010dje s 13,233 to\u010dke. Zmagala je Rusinja <strong>Alena Citavec<\/strong> (13,400).<\/p>\n\n\n\n<p><em>&#8220;Z dana\u0161njim nastopom na bradlji sem zelo zadovoljna, saj sem naredila vajo lep\u0161e kot v kvalifikacijah. \u0160e zdaj ne morem verjeti, da sem osvojila medaljo, da sem bila druga, saj je to v bistvu moja prva medalja na svetovnem pokalu, vse druge sem do zdaj osvojila na svetovnih izzivih,&#8221; <\/em>je bila presre\u010dna 23-letna telovadka.<\/p>\n\n\n\n<p>Kot je dodala, je to zanjo zelo lepa popotnica za nadaljevanje sezone. <em>&#8220;Veselim se \u017ee naslednjih tekem in upam, da bom ponovila tako dobre nastope,&#8221;<\/em> je dodala Hribar.<\/p>\n\n\n\n<p>Prvi finale v sezoni je osvojil tudi <strong>Bojanc <\/strong>na krogih, kjer je po lepi predstavi zasedel kon\u010dno peto mesto 13,533.<em> &#8220;To je bila ena mojih najlep\u0161ih sestav na krogih, do medalje mi je zmanjkalo le dve desetinki,&#8221; <\/em>je bil uspeha vesel Bojanc.<\/p>\n\n\n\n<p><em>&#8220;Na splo\u0161no sem s tekmovanjem v Bakuju zelo zadovoljen. Najprej sem imel sicer nekaj sre\u010de, da sem se s kvalifikacijsko vajo sploh uvrstil v finale, saj sem naredil manj\u0161o napako pri predzadnjem elementu. A sem k sre\u010di dobil prilo\u017enost za popravni izpit v finalu, kjer pa sem naredil eno najlep\u0161ih vaj do sedaj,&#8221;<\/em> je povedal 27-letni telovadec.<\/p>\n\n\n\n<p><em>&#8220;Tudi ocena za izvedbo je bila zelo visoka, kar me je v bistvu pripeljalo do petega mesta, na koncu mi je malo zmanjkalo do medalje. To mi daje nov zagon in energijo za treninge za naprej, ker smo dejansko zelo blizu \u017eelenih ciljev in rezultatov,&#8221;<\/em> je \u0161e ocenil najbolj\u0161i slovenski kroga\u0161.<\/p>\n\n\n\n<p>V nedeljo bo od Slovencev v finalu preskoka nastopil \u0161e <strong>Beno Kunst<\/strong>.<\/p>\n\n\n\n<figure class=\"wp-block-gallery has-nested-images columns-default is-cropped wp-block-gallery-1 is-layout-flex wp-block-gallery-is-layout-flex\">\n<figure class=\"wp-block-image size-large\"><img fetchpriority=\"high\" decoding=\"async\" width=\"631\" height=\"1024\" data-id=\"7925\" src=\"https:\/\/www.gimnasticna-zveza.si\/wp-content\/uploads\/2025\/03\/viber_image_2025-03-08_12-09-32-306-631x1024.jpg\" alt=\"\" class=\"wp-image-7925\" srcset=\"https:\/\/gimnasticna-zveza.si\/wp-content\/uploads\/2025\/03\/viber_image_2025-03-08_12-09-32-306-631x1024.jpg 631w, https:\/\/gimnasticna-zveza.si\/wp-content\/uploads\/2025\/03\/viber_image_2025-03-08_12-09-32-306-185x300.jpg 185w, https:\/\/gimnasticna-zveza.si\/wp-content\/uploads\/2025\/03\/viber_image_2025-03-08_12-09-32-306-768x1246.jpg 768w, https:\/\/gimnasticna-zveza.si\/wp-content\/uploads\/2025\/03\/viber_image_2025-03-08_12-09-32-306-46x75.jpg 46w, https:\/\/gimnasticna-zveza.si\/wp-content\/uploads\/2025\/03\/viber_image_2025-03-08_12-09-32-306-480x779.jpg 480w, https:\/\/gimnasticna-zveza.si\/wp-content\/uploads\/2025\/03\/viber_image_2025-03-08_12-09-32-306-800x1298.jpg 800w, https:\/\/gimnasticna-zveza.si\/wp-content\/uploads\/2025\/03\/viber_image_2025-03-08_12-09-32-306.jpg 828w\" sizes=\"(max-width:767px) 480px, 631px\" \/><\/figure>\n\n\n\n<figure class=\"wp-block-image size-large\"><img decoding=\"async\" width=\"644\" height=\"1024\" data-id=\"7926\" src=\"https:\/\/www.gimnasticna-zveza.si\/wp-content\/uploads\/2025\/03\/viber_image_2025-03-08_12-09-32-583-644x1024.jpg\" alt=\"\" class=\"wp-image-7926\" srcset=\"https:\/\/gimnasticna-zveza.si\/wp-content\/uploads\/2025\/03\/viber_image_2025-03-08_12-09-32-583-644x1024.jpg 644w, https:\/\/gimnasticna-zveza.si\/wp-content\/uploads\/2025\/03\/viber_image_2025-03-08_12-09-32-583-189x300.jpg 189w, https:\/\/gimnasticna-zveza.si\/wp-content\/uploads\/2025\/03\/viber_image_2025-03-08_12-09-32-583-768x1221.jpg 768w, https:\/\/gimnasticna-zveza.si\/wp-content\/uploads\/2025\/03\/viber_image_2025-03-08_12-09-32-583-47x75.jpg 47w, https:\/\/gimnasticna-zveza.si\/wp-content\/uploads\/2025\/03\/viber_image_2025-03-08_12-09-32-583-480x763.jpg 480w, https:\/\/gimnasticna-zveza.si\/wp-content\/uploads\/2025\/03\/viber_image_2025-03-08_12-09-32-583-800x1271.jpg 800w, https:\/\/gimnasticna-zveza.si\/wp-content\/uploads\/2025\/03\/viber_image_2025-03-08_12-09-32-583.jpg 828w\" sizes=\"(max-width:767px) 480px, 644px\" \/><\/figure>\n\n\n\n<figure class=\"wp-block-image size-large\"><img decoding=\"async\" width=\"1024\" height=\"643\" data-id=\"7620\" src=\"https:\/\/www.gimnasticna-zveza.si\/wp-content\/uploads\/2024\/12\/banner_podpis_december-2024-002-1024x643.jpg\" alt=\"\" class=\"wp-image-7620\" srcset=\"https:\/\/gimnasticna-zveza.si\/wp-content\/uploads\/2024\/12\/banner_podpis_december-2024-002-1024x643.jpg 1024w, https:\/\/gimnasticna-zveza.si\/wp-content\/uploads\/2024\/12\/banner_podpis_december-2024-002-300x188.jpg 300w, https:\/\/gimnasticna-zveza.si\/wp-content\/uploads\/2024\/12\/banner_podpis_december-2024-002-768x482.jpg 768w, https:\/\/gimnasticna-zveza.si\/wp-content\/uploads\/2024\/12\/banner_podpis_december-2024-002-119x75.jpg 119w, https:\/\/gimnasticna-zveza.si\/wp-content\/uploads\/2024\/12\/banner_podpis_december-2024-002-480x301.jpg 480w, https:\/\/gimnasticna-zveza.si\/wp-content\/uploads\/2024\/12\/banner_podpis_december-2024-002-800x502.jpg 800w, https:\/\/gimnasticna-zveza.si\/wp-content\/uploads\/2024\/12\/banner_podpis_december-2024-002.jpg 1188w\" sizes=\"(max-width:767px) 480px, (max-width:1024px) 100vw, 1024px\" \/><\/figure>\n<\/figure>\n\n\n\n<p><\/p>\n","protected":false},"excerpt":{"rendered":"<p>Baku, 08. marca (STA in GZS) &#8211; Slovenska gimnasti\u010dna odprava<span class=\"excerpt-hellip\"> [\u2026]<\/span><\/p>\n","protected":false},"author":8,"featured_media":7924,"comment_status":"open","ping_status":"open","sticky":false,"template":"","format":"standard","meta":{"_monsterinsights_skip_tracking":false,"_monsterinsights_sitenote_active":false,"_monsterinsights_sitenote_note":"","_monsterinsights_sitenote_category":0,"footnotes":""},"categories":[31],"tags":[],"class_list":["post-7921","post","type-post","status-publish","format-standard","has-post-thumbnail","hentry","category-gimnastika"],"_links":{"self":[{"href":"https:\/\/gimnasticna-zveza.si\/index.php\/wp-json\/wp\/v2\/posts\/7921","targetHints":{"allow":["GET"]}}],"collection":[{"href":"https:\/\/gimnasticna-zveza.si\/index.php\/wp-json\/wp\/v2\/posts"}],"about":[{"href":"https:\/\/gimnasticna-zveza.si\/index.php\/wp-json\/wp\/v2\/types\/post"}],"author":[{"embeddable":true,"href":"https:\/\/gimnasticna-zveza.si\/index.php\/wp-json\/wp\/v2\/users\/8"}],"replies":[{"embeddable":true,"href":"https:\/\/gimnasticna-zveza.si\/index.php\/wp-json\/wp\/v2\/comments?post=7921"}],"version-history":[{"count":2,"href":"https:\/\/gimnasticna-zveza.si\/index.php\/wp-json\/wp\/v2\/posts\/7921\/revisions"}],"predecessor-version":[{"id":7927,"href":"https:\/\/gimnasticna-zveza.si\/index.php\/wp-json\/wp\/v2\/posts\/7921\/revisions\/7927"}],"wp:featuredmedia":[{"embeddable":true,"href":"https:\/\/gimnasticna-zveza.si\/index.php\/wp-json\/wp\/v2\/media\/7924"}],"wp:attachment":[{"href":"https:\/\/gimnasticna-zveza.si\/index.php\/wp-json\/wp\/v2\/media?parent=7921"}],"wp:term":[{"taxonomy":"category","embeddable":true,"href":"https:\/\/gimnasticna-zveza.si\/index.php\/wp-json\/wp\/v2\/categories?post=7921"},{"taxonomy":"post_tag","embeddable":true,"href":"https:\/\/gimnasticna-zveza.si\/index.php\/wp-json\/wp\/v2\/tags?post=7921"}],"curies":[{"name":"wp","href":"https:\/\/api.w.org\/{rel}","templated":true}]}}