{"id":7883,"date":"2025-02-28T14:08:39","date_gmt":"2025-02-28T12:08:39","guid":{"rendered":"https:\/\/www.gimnasticna-zveza.si\/?p=7883"},"modified":"2025-02-28T14:08:40","modified_gmt":"2025-02-28T12:08:40","slug":"mlada-upa-vita-prijanovic-in-toni-kastelic-uspesno-prebila-led-v-clanski-kategoriji","status":"publish","type":"post","link":"https:\/\/gimnasticna-zveza.si\/index.php\/2025\/02\/28\/mlada-upa-vita-prijanovic-in-toni-kastelic-uspesno-prebila-led-v-clanski-kategoriji\/","title":{"rendered":"Mlada upa Vita Prijanovi\u010d in Toni Kastelic uspe\u0161no prebila led v \u010dlanski kategoriji"},"content":{"rendered":"\n<p><strong>Minuli vikend je v nem\u0161kem Cottbusu potekal prvi svetovni pokal v \u0161portni gimnastiki leto\u0161nje sezone. Poleg izku\u0161enih slovenskih gimnasti\u010darjev sta se prvi\u010d na mednarodno \u010dlansko prizori\u0161\u010de podala mlada upa Vita Prijanovi\u010d in Toni Kastelic. Oba sta odli\u010dno izkoristila svojo prilo\u017enost in uspe\u0161no prebila led.<\/strong><\/p>\n\n\n\n<p><strong>Vita Prijanovi\u010d<\/strong> je slovensko ekipo navdu\u0161ila z zanesljivo predstavo na parterju in gredi. S prejeto oceno 11,766 na parterju je zasedla odli\u010dno 10. mesto in z oceno 12,000 na 12. mesto na gredi, kar je izjemen dose\u017eek za debitantko. S tem je dokazala, da se bo v prihodnje lahko borila tudi za uvrstitev v finale. <em>&#8220;Na mojem prvem svetovnem pokalu sem se imela super. Med tekmo sem zelo u\u017eivala, a sem imela tudi nekaj treme, mogo\u010de celo malo ve\u010d kot obi\u010dajno. Vendar sem se uspela zbrati in umiriti, da je \u0161lo vse po na\u010drtih. Z nastopom sem zadovoljna. Vem, da bi lahko nekatere stvari izvedla \u0161e bolje, a sem za svojo prvo \u010dlansko tekmo dosegla dober rezultat. Kmalu bo nova prilo\u017enost, da te rezultate \u0161e izbolj\u0161am,&#8221;<\/em> je po tekmovanju strnila misli Vita.<\/p>\n\n\n\n<p>Nova preizku\u0161nja jo \u010daka \u017ee prihodnji vikend, ko se bo 9. marca predstavila na svetovnem pokalu v Bakuju. Vita je odli\u010dno izkoristila svoje izku\u0161nje iz mladinske kategorije, kjer je tekmovala na mladinskem svetovnem prvenstvu. <em>&#8220;Svoje vaje nisem spreminjala posebej zaradi prestopa v \u010dlansko kategorijo, a je postopoma postajala te\u017eja. Med tekmovanjem v mladinski in \u010dlanski kategoriji nisem opazila ve\u010dje razlike. Ko tekmuje\u0161 v mladinski kategoriji, ima\u0161 manj izku\u0161enj in \u0161e spoznava\u0161, kako potekajo tekmovanja. V \u010dlanski kategoriji pa ima\u0161 ve\u010djo \u017eeljo in od sebe pri\u010dakuje\u0161 lep\u0161e in bolje izpeljane vaje. V leto\u0161nji sezoni upam na \u010dim ve\u010d uvrstitev na tekmovanja svetovnega pokala in druga prvenstva. Odli\u010den dose\u017eek bi bila uvrstitev v finale svetovnega pokala,&#8221;<\/em> je dodala Vita.<\/p>\n\n\n\n<p>Tudi <strong>Toni Kastelic<\/strong> je na drogu kljub ve\u010dji napaki prikazal spodbudno predstavo in z oceno 11,566 zasedel 21. mesto. <em>&#8220;Ob\u010dutki na tekmovanju so bili fenomenalni. Vzdu\u0161je, tekmovalci, trenerji, vse skupaj je bilo zelo prijetno, spro\u0161\u010dujo\u010de in spodbudno. Tekmo sem do\u017eivljal kot novo izku\u0161njo, v kateri lahko poka\u017eem svoje znanje. Kljub ve\u010dji napaki pri spustu, kjer se mi je zalomilo in sem padel, kar me je stalo bolj\u0161e uvrstitve, sem zadovoljen z nastopom. Ostale elemente sem izvedel po svojih najbolj\u0161ih mo\u010deh. Pred nastopom je bila prisotna trema, vendar to ni razlog za mojo napako, saj menim, da mora biti trema prisotna v zmernih mejah, saj s tem poka\u017ee\u0161, da ti ni vseeno, kaj se dogaja. V prihodnjih tekmovanjih bom seveda posku\u0161al to napako odpraviti in izvesti vajo tako, kot sem jo izvajal na treningih,&#8221;<\/em> je povedal Toni.<\/p>\n\n\n\n<p>V Cottbusu je imel to sre\u010do, da je lahko stal ob boku, treniral in tekmoval z belgijskim gimnasti\u010darjem Noahom Kuavitom, ki je mlademu debitantu velik vzor. Toni se je odli\u010dno zna\u0161el tudi v novem tekmovalnem pravilniku<em>. &#8220;Pri spreminjanju vaj iz mladinske v \u010dlansko kategorijo nisem imel velikih te\u017eav, saj imajo po pravilniku 2025 \u2013 2028 tudi \u010dlani osem elementov v vaji, kar mi zelo ustreza. Moral sem dvigniti le te\u017eavnost vaje, kar je pomenilo nekaj novih elementov, ki sem se jih moral nau\u010diti,&#8221;<\/em> je pojasnil Toni. Kljub temu, da je bilo to njegovo prvo veliko \u010dlansko tekmovanje, se je odrezal odli\u010dno in dokazal, da je na pravi poti.<\/p>\n\n\n\n<p>Nastopa Vite in Tonija sta lep obet za prihodnost slovenske gimnastike. Pridobljene izku\u0161nje bosta zagotovo uporabila na naslednjih tekmovanjih, kjer se bosta \u0161e naprej borila za odli\u010dne uvrstitve.<\/p>\n\n\n\n<figure class=\"wp-block-image size-large\"><img fetchpriority=\"high\" decoding=\"async\" width=\"1024\" height=\"643\" src=\"https:\/\/www.gimnasticna-zveza.si\/wp-content\/uploads\/2024\/12\/banner_podpis_december-2024-002-1024x643.jpg\" alt=\"\" class=\"wp-image-7620\" srcset=\"https:\/\/gimnasticna-zveza.si\/wp-content\/uploads\/2024\/12\/banner_podpis_december-2024-002-1024x643.jpg 1024w, https:\/\/gimnasticna-zveza.si\/wp-content\/uploads\/2024\/12\/banner_podpis_december-2024-002-300x188.jpg 300w, https:\/\/gimnasticna-zveza.si\/wp-content\/uploads\/2024\/12\/banner_podpis_december-2024-002-768x482.jpg 768w, https:\/\/gimnasticna-zveza.si\/wp-content\/uploads\/2024\/12\/banner_podpis_december-2024-002-119x75.jpg 119w, https:\/\/gimnasticna-zveza.si\/wp-content\/uploads\/2024\/12\/banner_podpis_december-2024-002-480x301.jpg 480w, https:\/\/gimnasticna-zveza.si\/wp-content\/uploads\/2024\/12\/banner_podpis_december-2024-002-800x502.jpg 800w, https:\/\/gimnasticna-zveza.si\/wp-content\/uploads\/2024\/12\/banner_podpis_december-2024-002.jpg 1188w\" sizes=\"(max-width:767px) 480px, (max-width:1024px) 100vw, 1024px\" \/><\/figure>\n","protected":false},"excerpt":{"rendered":"<p>Minuli vikend je v nem\u0161kem Cottbusu potekal prvi svetovni pokal<span class=\"excerpt-hellip\"> [\u2026]<\/span><\/p>\n","protected":false},"author":8,"featured_media":7886,"comment_status":"open","ping_status":"open","sticky":false,"template":"","format":"standard","meta":{"_monsterinsights_skip_tracking":false,"_monsterinsights_sitenote_active":false,"_monsterinsights_sitenote_note":"","_monsterinsights_sitenote_category":0,"footnotes":""},"categories":[34,31,35,39,30],"tags":[],"class_list":["post-7883","post","type-post","status-publish","format-standard","has-post-thumbnail","hentry","category-fig-in-ueg","category-gimnastika","category-mladinski-sport","category-sportna-gimnastika","category-svetovni-pokal-v-sportni-gimnastiki"],"_links":{"self":[{"href":"https:\/\/gimnasticna-zveza.si\/index.php\/wp-json\/wp\/v2\/posts\/7883","targetHints":{"allow":["GET"]}}],"collection":[{"href":"https:\/\/gimnasticna-zveza.si\/index.php\/wp-json\/wp\/v2\/posts"}],"about":[{"href":"https:\/\/gimnasticna-zveza.si\/index.php\/wp-json\/wp\/v2\/types\/post"}],"author":[{"embeddable":true,"href":"https:\/\/gimnasticna-zveza.si\/index.php\/wp-json\/wp\/v2\/users\/8"}],"replies":[{"embeddable":true,"href":"https:\/\/gimnasticna-zveza.si\/index.php\/wp-json\/wp\/v2\/comments?post=7883"}],"version-history":[{"count":1,"href":"https:\/\/gimnasticna-zveza.si\/index.php\/wp-json\/wp\/v2\/posts\/7883\/revisions"}],"predecessor-version":[{"id":7887,"href":"https:\/\/gimnasticna-zveza.si\/index.php\/wp-json\/wp\/v2\/posts\/7883\/revisions\/7887"}],"wp:featuredmedia":[{"embeddable":true,"href":"https:\/\/gimnasticna-zveza.si\/index.php\/wp-json\/wp\/v2\/media\/7886"}],"wp:attachment":[{"href":"https:\/\/gimnasticna-zveza.si\/index.php\/wp-json\/wp\/v2\/media?parent=7883"}],"wp:term":[{"taxonomy":"category","embeddable":true,"href":"https:\/\/gimnasticna-zveza.si\/index.php\/wp-json\/wp\/v2\/categories?post=7883"},{"taxonomy":"post_tag","embeddable":true,"href":"https:\/\/gimnasticna-zveza.si\/index.php\/wp-json\/wp\/v2\/tags?post=7883"}],"curies":[{"name":"wp","href":"https:\/\/api.w.org\/{rel}","templated":true}]}}