{"id":7853,"date":"2025-02-21T20:52:00","date_gmt":"2025-02-21T18:52:00","guid":{"rendered":"https:\/\/www.gimnasticna-zveza.si\/?p=7853"},"modified":"2025-02-26T16:54:47","modified_gmt":"2025-02-26T14:54:47","slug":"trojica-telovadcev-v-finale-cottbusa","status":"publish","type":"post","link":"https:\/\/gimnasticna-zveza.si\/index.php\/2025\/02\/21\/trojica-telovadcev-v-finale-cottbusa\/","title":{"rendered":"Trojica telovadcev v finale Cottbusa"},"content":{"rendered":"\n<p><strong>Cottbus, 21. februarja (STA) &#8211; V finalu uvodne tekme gimnasti\u010dnega svetovnega pokala v Cottbusu se bo konec tedna predstavila trojica Slovencev. Teja Belak, Tja\u0161a Kysselef v soboto in Beno Kunst v nedeljo bodo nastopili v preskoku.<\/strong><\/p>\n\n\n\n<p>V kvalifikacijah je \u017ee v \u010detrtek blestela Teja Belak. Z oceno 13,583 je dosegla najbolj\u0161o oceno v kvalifikacijah preskoka. Na drugem mestu je z oceno 13,116 kon\u010dala Uzbekistanka Oksana \u010cusovitina. V finale se je s sedmo oceno uvrstila tudi Tja\u0161a Kysselef. Obe slovenski telovadki se v reprezentanco vra\u010data po dalj\u0161em premoru zaradi po\u0161kodb.<\/p>\n\n\n\n<p>Danes se jima je v finalu pridru\u017eil \u0161e Beno Kunst, ki je bil v preskoku osmi. Kevin Buckley je bil z devetim dose\u017ekom na bradlji za mesto prekratek za finale in je prva rezerva. Isti tekmovalec je na drogu osvojil 19. mesto, Toni Kastelic je bil na tem orodju 21.<\/p>\n\n\n\n<p>Zelo dobro je nastopala tudi Vita Prijanovi\u010d, ki je v parterju zasedla deseto mesto, na gredi pa 12. Po dolgem \u010dasu se je predstavila tudi Lucija Hribar in na gredi zasedla 22. mesto.<\/p>\n\n\n\n<p>Manj uspe\u0161en je bil v \u010detrtek tudi prvi adut v mo\u0161ki konkurenci Luka Bojanc, ki je na krogih zasedel deseto mesto. Gregor Rakovi\u010d se je predstavil na konju z ro\u010daji in bil 33.<\/p>\n\n\n\n<p>V preteklosti so bili Slovenci v Cottbusu, tekmovanje od leta 2009 \u0161teje za svetovni pokal, zelo uspe\u0161ni. Zmage so dosegli Mitja Petkov\u0161ek na bradlji (dvakrat), Rok Klavora na parterju, Sa\u0161o Bertoncelj na konju z ro\u010daji ter nazadnje leta 2022 tudi Tja\u0161a Kysselef na preskoku.<\/p>\n\n\n\n<p>Nova gimnasti\u010dna sezona ima dva vrhunca, spomladansko evropsko prvenstvo v Leipzigu in jesensko svetovno prvenstvo v D\u017eakarti. Eden od vrhuncev za slovensko vrsto bo tudi doma\u010di svetovni izziv v Kopru, ki bo zadnja velika tekma pred prvenstvom stare celine.<\/p>\n\n\n\n<p><\/p>\n\n\n\n<figure class=\"wp-block-gallery has-nested-images columns-default is-cropped wp-block-gallery-1 is-layout-flex wp-block-gallery-is-layout-flex\">\n<figure class=\"wp-block-image size-large\"><img fetchpriority=\"high\" decoding=\"async\" width=\"1024\" height=\"643\" data-id=\"7620\" src=\"https:\/\/www.gimnasticna-zveza.si\/wp-content\/uploads\/2024\/12\/banner_podpis_december-2024-002-1024x643.jpg\" alt=\"\" class=\"wp-image-7620\" srcset=\"https:\/\/gimnasticna-zveza.si\/wp-content\/uploads\/2024\/12\/banner_podpis_december-2024-002-1024x643.jpg 1024w, https:\/\/gimnasticna-zveza.si\/wp-content\/uploads\/2024\/12\/banner_podpis_december-2024-002-300x188.jpg 300w, https:\/\/gimnasticna-zveza.si\/wp-content\/uploads\/2024\/12\/banner_podpis_december-2024-002-768x482.jpg 768w, https:\/\/gimnasticna-zveza.si\/wp-content\/uploads\/2024\/12\/banner_podpis_december-2024-002-119x75.jpg 119w, https:\/\/gimnasticna-zveza.si\/wp-content\/uploads\/2024\/12\/banner_podpis_december-2024-002-480x301.jpg 480w, https:\/\/gimnasticna-zveza.si\/wp-content\/uploads\/2024\/12\/banner_podpis_december-2024-002-800x502.jpg 800w, https:\/\/gimnasticna-zveza.si\/wp-content\/uploads\/2024\/12\/banner_podpis_december-2024-002.jpg 1188w\" sizes=\"(max-width:767px) 480px, (max-width:1024px) 100vw, 1024px\" \/><\/figure>\n<\/figure>\n","protected":false},"excerpt":{"rendered":"<p>Cottbus, 21. februarja (STA) &#8211; V finalu uvodne tekme gimnasti\u010dnega<span class=\"excerpt-hellip\"> [\u2026]<\/span><\/p>\n","protected":false},"author":8,"featured_media":7874,"comment_status":"open","ping_status":"open","sticky":false,"template":"","format":"standard","meta":{"_monsterinsights_skip_tracking":false,"_monsterinsights_sitenote_active":false,"_monsterinsights_sitenote_note":"","_monsterinsights_sitenote_category":0,"footnotes":""},"categories":[31],"tags":[],"class_list":["post-7853","post","type-post","status-publish","format-standard","has-post-thumbnail","hentry","category-gimnastika"],"_links":{"self":[{"href":"https:\/\/gimnasticna-zveza.si\/index.php\/wp-json\/wp\/v2\/posts\/7853","targetHints":{"allow":["GET"]}}],"collection":[{"href":"https:\/\/gimnasticna-zveza.si\/index.php\/wp-json\/wp\/v2\/posts"}],"about":[{"href":"https:\/\/gimnasticna-zveza.si\/index.php\/wp-json\/wp\/v2\/types\/post"}],"author":[{"embeddable":true,"href":"https:\/\/gimnasticna-zveza.si\/index.php\/wp-json\/wp\/v2\/users\/8"}],"replies":[{"embeddable":true,"href":"https:\/\/gimnasticna-zveza.si\/index.php\/wp-json\/wp\/v2\/comments?post=7853"}],"version-history":[{"count":5,"href":"https:\/\/gimnasticna-zveza.si\/index.php\/wp-json\/wp\/v2\/posts\/7853\/revisions"}],"predecessor-version":[{"id":7882,"href":"https:\/\/gimnasticna-zveza.si\/index.php\/wp-json\/wp\/v2\/posts\/7853\/revisions\/7882"}],"wp:featuredmedia":[{"embeddable":true,"href":"https:\/\/gimnasticna-zveza.si\/index.php\/wp-json\/wp\/v2\/media\/7874"}],"wp:attachment":[{"href":"https:\/\/gimnasticna-zveza.si\/index.php\/wp-json\/wp\/v2\/media?parent=7853"}],"wp:term":[{"taxonomy":"category","embeddable":true,"href":"https:\/\/gimnasticna-zveza.si\/index.php\/wp-json\/wp\/v2\/categories?post=7853"},{"taxonomy":"post_tag","embeddable":true,"href":"https:\/\/gimnasticna-zveza.si\/index.php\/wp-json\/wp\/v2\/tags?post=7853"}],"curies":[{"name":"wp","href":"https:\/\/api.w.org\/{rel}","templated":true}]}}