{"id":7307,"date":"2024-10-21T13:05:21","date_gmt":"2024-10-21T11:05:21","guid":{"rendered":"https:\/\/www.gimnasticna-zveza.si\/?p=7307"},"modified":"2024-10-21T13:05:25","modified_gmt":"2024-10-21T11:05:25","slug":"krg-narodni-dom-ljubljana-slavil-na-pokalu-slovenije","status":"publish","type":"post","link":"https:\/\/gimnasticna-zveza.si\/index.php\/2024\/10\/21\/krg-narodni-dom-ljubljana-slavil-na-pokalu-slovenije\/","title":{"rendered":"KRG Narodni dom Ljubljana slavil na Pokalu Slovenije"},"content":{"rendered":"\n<p><strong>Danes je v Ljubljani potekal Pokal Slovenije v individualnih sestavah, kjer so se dekleta pomerile kot ekipa. V absolutni kategoriji je slavil klub KRG Narodni dom Ljubljana 1 v sestavi Ur\u0161a Kra\u010dman in Alja Ponikvar, pred KRG \u0160i\u0161ko 1.<\/strong><\/p>\n\n\n\n<p>Danes so se v Gimnasti\u010dnem centru Ljubljana predstavile najbolj\u0161e slovenske tekmovalke v ritmi\u010dni gimnastiki brez aktualne dr\u017eavne prvakinje v mnogoboju <strong>Ekaterine Vedeneeve, <\/strong>ki se tekmovanja ni udele\u017eila. V absolutni kategoriji 1. skupine je s skupno 109,433 zbranimi to\u010dkami slavila ekipa <strong>KRG Narodni dom Ljubljana 1<\/strong>, ki sta jo sestavljali <strong>Ur\u0161a Kra\u010dman<\/strong> in <strong>Alja Ponikvar<\/strong>. Obe sta Slovenijo letos zastopali na mladinskem evropskem prvenstvu, kjer je Alja dosegla zgodovinsko prvo medaljo z mladinskih evropskih prvenstev za slovensko gimnastiko. Alja je za svojo sestavo z obro\u010dem prejela oceno 28,300 in za sestavo s kiji, v kateri je na evropskem prvenstvu osvojila drugo mesto, 29,433 to\u010dk<em>. \u00bbZelo sem vesela za osvojeno prvo mesto v absolutni kategoriji in osvojitev naslova pokalnih prvakinj. Sestavi nista bili popolni, ampak sem na tepihu vseeno zelo u\u017eivala. Mislim, da sem dobro sklenila tekmovanja v mladinski kategoriji. Sedaj pa me \u010daka sprememba tekmovalnih programov in prehod v \u010dlansko kateogrijo,\u00ab<\/em> je bila po tekmovanju s svojimi nastopi zadovoljna Alja. Ur\u0161a se je predstavila z \u017eogo, kjer je prejela oceno 27,500 in s trakom 24,200.<\/p>\n\n\n\n<p>Drugo mesto z 3,100 to\u010dkami zaostanka je osvojila ekipa <strong>KRG \u0160i\u0161ka 1<\/strong> (106,333 to\u010dk) v postavi <strong>Ela Polak<\/strong> in <strong>Kaja Jevnikar<\/strong>. Ela Polak, ki je letos Slovenijo zastopala na evropskem prvenstvu, je tekmovala z \u017eogo in trakom. Za sestavo z \u017eogo je prejela tudi najvi\u0161jo oceno tekmovanja 31,700. Za sestavo s trakom pa je bila ocenjena z 27,417 to\u010dkami. Njena klubska sotekmovalka Kaja Jevnikar je za obro\u010d prejela oceno 24,783 in za kije 22,433. Tretje mesto je osvojila ekipa <strong>KRG TiM 2<\/strong> v postavi <strong>Elizabeta Havryliv<\/strong> in <strong>Brina Namur\u0161<\/strong>. Elizabeta je z obro\u010dem prispevala 29,883 to\u010dke in s trakom 22,300 med tem, ko se je Brina predstavila z \u017eogo (26,283 to\u010dke) in s kiji (20,567 to\u010dke). Skupno sta zbrali 104,616 to\u010dke.<\/p>\n\n\n\n<p><em>\u00bbZa nami je zadnje nacionalno tekmovanje v leto\u0161njem letu in tudi po veljavnem (starem) pravilniku. Najbolj napet boj je potekal v absolutni kategorij,i tako v 1. kot 2. skupini, ker je nastopilo najve\u010dje \u0161tevilo ekip. V najbolj elitni absolutni kategoriji 1. skupine je boj potekal med tremi ekipami Narodni dom Ljubljana, KRG \u0160i\u0161ka in KRG TiM, ki so se uvrstili na stopni\u010dke. Sedaj se bo ve\u010dina tekmovalk posvetila novim sestavam in treniranju tekmovalnih programov po novem pravilniku,\u00ab<\/em> je po tekmovanju dejala predsednica strokovnega odbora za ritmi\u010dno gimnastiko <strong>Alena Yakubouskaya<\/strong>.<\/p>\n\n\n\n<p><strong>Razpleti:<\/strong><\/p>\n\n\n\n<p><strong>ABSOLUTNA KATEGORIJA 1. skupina<\/strong><\/p>\n\n\n\n<ol class=\"wp-block-list\">\n<li>KRG Narodni dom Ljubljana 1 (Alja Ponikvar in Ur\u0161a Kra\u010dman), 109,433 to\u010dk<\/li>\n\n\n\n<li>KRG \u0160i\u0161ka 1 (Ela Polak in Kaja Jevnikar), 106,333 to\u010dk<\/li>\n\n\n\n<li>KRG TiM (Elizabeta Havryliv, Brina Namur\u0161), 104,616 to\u010dk<\/li>\n<\/ol>\n\n\n\n<p><strong>MLAJ\u0160E KATEGORIJE 1. SKUPINA<\/strong><\/p>\n\n\n\n<ol class=\"wp-block-list\">\n<li>KRG Narodni dom Ljubljana (Sofia Zamedyanskaya in Manca Vilhar), 83,767 to\u010dk<\/li>\n\n\n\n<li>KRG Narodni dom Ljubljana 2 (Alisa Mosha in Mila Jeron\u010di\u010d), 77,917 to\u010dk<\/li>\n\n\n\n<li>\u0160K Favorit (Glorija Presker, Lisa Ge\u010d in Anna Ul\u010dar), 77,667 to\u010dk<\/li>\n<\/ol>\n\n\n\n<p><strong>ABSOLUTNA KATEGORIJA 2. skupina<\/strong><\/p>\n\n\n\n<ol class=\"wp-block-list\">\n<li>\u0160K Favorit (Nika Gorenjak in Tia Ember\u0161i\u010d), 62,233 to\u010dk<\/li>\n\n\n\n<li>KRG Narodni dom Ljubljana 1 (Ma\u0161a Nemec, Ema Valant in Zarja Urek), 60,550 to\u010dk<\/li>\n\n\n\n<li>KRG TiM 1 (Zala Podvr\u0161i\u010d, Ema P\u0161aker in Ne\u017ea Tehovnik), 60,200 to\u010dk<\/li>\n<\/ol>\n\n\n\n<div class=\"wp-block-jetpack-tiled-gallery aligncenter is-style-rectangular\"><div class=\"\"><div class=\"tiled-gallery__gallery\"><div class=\"tiled-gallery__row\"><div class=\"tiled-gallery__col\" style=\"flex-basis:67.21055%\"><figure class=\"tiled-gallery__item\"><img decoding=\"async\" alt=\"\" data-height=\"821\" data-id=\"7308\" data-link=\"https:\/\/www.gimnasticna-zveza.si\/?attachment_id=7308\" data-url=\"https:\/\/www.gimnasticna-zveza.si\/wp-content\/uploads\/2024\/10\/1-1024x788.jpg\" data-width=\"1067\" src=\"https:\/\/i2.wp.com\/www.gimnasticna-zveza.si\/wp-content\/uploads\/2024\/10\/1-1024x788.jpg?ssl=1\" data-amp-layout=\"responsive\" tabindex=\"0\" role=\"button\" aria-label=\"Open image 1 of 3 in full-screen\"\/><\/figure><\/div><div class=\"tiled-gallery__col\" style=\"flex-basis:32.78945%\"><figure class=\"tiled-gallery__item\"><img decoding=\"async\" alt=\"\" data-height=\"1044\" data-id=\"7310\" data-link=\"https:\/\/www.gimnasticna-zveza.si\/?attachment_id=7310\" data-url=\"https:\/\/www.gimnasticna-zveza.si\/wp-content\/uploads\/2024\/10\/3-1024x891.jpg\" data-width=\"1200\" src=\"https:\/\/i0.wp.com\/www.gimnasticna-zveza.si\/wp-content\/uploads\/2024\/10\/3-1024x891.jpg?ssl=1\" data-amp-layout=\"responsive\" tabindex=\"0\" role=\"button\" aria-label=\"Open image 2 of 3 in full-screen\"\/><\/figure><figure class=\"tiled-gallery__item\"><img decoding=\"async\" alt=\"\" data-height=\"1792\" data-id=\"6872\" data-link=\"https:\/\/www.gimnasticna-zveza.si\/index.php\/2024\/05\/23\/alja-ponikvar-evropska-podprvakinja-s-kiji\/10_sponzorji_gzs_banner_mailchimp_maj-2024\/\" data-url=\"https:\/\/www.gimnasticna-zveza.si\/wp-content\/uploads\/2024\/05\/10_sponzorji_gzs_banner_mailchimp_maj-2024-1024x717.jpg\" data-width=\"2560\" src=\"https:\/\/i1.wp.com\/www.gimnasticna-zveza.si\/wp-content\/uploads\/2024\/05\/10_sponzorji_gzs_banner_mailchimp_maj-2024-1024x717.jpg?ssl=1\" data-amp-layout=\"responsive\" tabindex=\"0\" role=\"button\" aria-label=\"Open image 3 of 3 in full-screen\"\/><\/figure><\/div><\/div><\/div><\/div><\/div>\n","protected":false},"excerpt":{"rendered":"<p>Danes je v Ljubljani potekal Pokal Slovenije v individualnih sestavah,<span class=\"excerpt-hellip\"> [\u2026]<\/span><\/p>\n","protected":false},"author":8,"featured_media":7309,"comment_status":"open","ping_status":"open","sticky":false,"template":"","format":"standard","meta":{"_monsterinsights_skip_tracking":false,"_monsterinsights_sitenote_active":false,"_monsterinsights_sitenote_note":"","_monsterinsights_sitenote_category":0,"footnotes":""},"categories":[31],"tags":[],"class_list":["post-7307","post","type-post","status-publish","format-standard","has-post-thumbnail","hentry","category-gimnastika"],"_links":{"self":[{"href":"https:\/\/gimnasticna-zveza.si\/index.php\/wp-json\/wp\/v2\/posts\/7307","targetHints":{"allow":["GET"]}}],"collection":[{"href":"https:\/\/gimnasticna-zveza.si\/index.php\/wp-json\/wp\/v2\/posts"}],"about":[{"href":"https:\/\/gimnasticna-zveza.si\/index.php\/wp-json\/wp\/v2\/types\/post"}],"author":[{"embeddable":true,"href":"https:\/\/gimnasticna-zveza.si\/index.php\/wp-json\/wp\/v2\/users\/8"}],"replies":[{"embeddable":true,"href":"https:\/\/gimnasticna-zveza.si\/index.php\/wp-json\/wp\/v2\/comments?post=7307"}],"version-history":[{"count":2,"href":"https:\/\/gimnasticna-zveza.si\/index.php\/wp-json\/wp\/v2\/posts\/7307\/revisions"}],"predecessor-version":[{"id":7312,"href":"https:\/\/gimnasticna-zveza.si\/index.php\/wp-json\/wp\/v2\/posts\/7307\/revisions\/7312"}],"wp:featuredmedia":[{"embeddable":true,"href":"https:\/\/gimnasticna-zveza.si\/index.php\/wp-json\/wp\/v2\/media\/7309"}],"wp:attachment":[{"href":"https:\/\/gimnasticna-zveza.si\/index.php\/wp-json\/wp\/v2\/media?parent=7307"}],"wp:term":[{"taxonomy":"category","embeddable":true,"href":"https:\/\/gimnasticna-zveza.si\/index.php\/wp-json\/wp\/v2\/categories?post=7307"},{"taxonomy":"post_tag","embeddable":true,"href":"https:\/\/gimnasticna-zveza.si\/index.php\/wp-json\/wp\/v2\/tags?post=7307"}],"curies":[{"name":"wp","href":"https:\/\/api.w.org\/{rel}","templated":true}]}}