{"id":6899,"date":"2024-05-28T17:12:48","date_gmt":"2024-05-28T15:12:48","guid":{"rendered":"https:\/\/www.gimnasticna-zveza.si\/?p=6899"},"modified":"2024-05-28T17:21:04","modified_gmt":"2024-05-28T15:21:04","slug":"sprejem-mladinske-evropske-podprvakinje-alje-ponikvar","status":"publish","type":"post","link":"https:\/\/gimnasticna-zveza.si\/index.php\/2024\/05\/28\/sprejem-mladinske-evropske-podprvakinje-alje-ponikvar\/","title":{"rendered":"Sprejem mladinske evropske podprvakinje Alje Ponikvar"},"content":{"rendered":"\n<p>Foto Ale\u0161 Fev\u017eer<\/p>\n\n\n\n<p><strong>Alja Ponikvar je na preteklem evropskem prvenstvu v ritmi\u010dni gimnastiki navdu\u0161ila \u0161portno javnost in presenetila prav vse, ko je v sestavi s kiji osvojila zgodovinsko srebrno medaljo.<\/strong><\/p>\n\n\n\n<p>Po odli\u010dni lanski sezoni, kjer je Alja na mladinskem svetovnem prvenstvu v sestavi z \u017eogo zasedla odli\u010dno 10. mesto in v sestavi s trakom 11. mesto, si je 15-letna Alja za leto\u0161nje mladinsko evropsko prvenstvo zadala visok cilj: <em>\u00bb\u017delim si, da mi na tekmovanju uspe preboj med osem najbolj\u0161ih v Evropi.\u00ab<\/em><em><\/em><\/p>\n\n\n\n<p>Na evropskem prvenstvu, ki se je odvijalo v Budimpe\u0161ti, se je Alja predstavila s tremi sestavami: obro\u010d, \u017eoga in kiji. Odlo\u010dno in zbrano se je lotila tekmovanja. Prvi dan kvalifikacij se je odrezala odli\u010dno in se iz kvalifikacij v \u017eogi kot peta tekmovalka in v kijih kot \u010detrta tekmovalka prebila med osem najbolj\u0161ih v Evropi ter s tem v \u010detrtkove finale. To je zgodovinski uspeh za slovensko ritmi\u010dno gimnastiko, saj se do sedaj \u0161e nobena izmed tekmovalk v mladinski kategoriji ni prebrala v finalni del tekmovanja. Alja je s tem izpolnila svoj cilj in cilj slovenskega tabora.<\/p>\n\n\n\n<p>V \u010detrtek se je v finalu predstavila kot \u0161esta tekmovalka. Izvedla je zelo dobro sestavo, vendar ni bila najbolj prepri\u010dana vase. Za vajo je prejela oceno 29,850 in zasedla odli\u010dno 6. mesto. Sledili so finali s kiji, kjer se je Alja predstavila kot tretja tekmovalka. Izvedla je brezhibno sestavo in za njo prejela visoko oceno 30,250 to\u010dk ter zasedla drugo mesto. Na oceno je slovenska delegacija podala prito\u017ebo, ki je bila uspe\u0161no obravnavana. Oceno so dvignili na 30,550. Sledilo je \u0161e pet tekmovalk, ki pa Alje niso uspele premagati in je trdno obstala na drugem mestu. To je prva zgodovinska medalja za slovensko ritmiko na mladinskem evropskem prvenstvu, prva srebrna medalja z evropskih prvenstev v ritmi\u010dni gimnastiki in prva medalja z mladinskih evropskih prvenstev v katerikoli panogi, ki deluje pod okriljem Gimnasti\u010dne zveze Slovenije.<\/p>\n\n\n\n<p>Tako velik zgodovinski dose\u017eek so prepoznali tudi na Gimnasti\u010dni zvezi Slovenije in dru\u017ebi BTC d. o. o., ki so Alji in njenima trenerkama Aleni Yakubouskayi in Alena Salauyovi, ki skrbita za razvoj mlade \u0161portnice, pripravili sprejem.<\/p>\n\n\n\n<p><em>\u00bbPo kon\u010danih kvalifikacija, ko sem bila na koncu \u010detrta s kiji, sem vedela, da lahko pridem do medalje. Zato sem se proti ve\u010deru pogovorila tudi s psihologom Matejem Tu\u0161kom, ki mi je pomagal to odmisliti, da se v finalu ne bi obremenjevala z rezultatom. V finalih sem na tepih s kiji stopila res mirno, \u010deprav mi zadaj v zadnjih minutah pred nastopom ni \u0161lo najbolje. Uspela sem se umiriti in na koncu sem naredila sestavo to\u010dno tako kot jo znam,\u00ab <\/em>je Alja obujala spomine na tekmovanje.<\/p>\n\n\n\n<p>Na sprejemu pa se je izvedlo tudi, da kiji tako v lanski kot tudi leto\u0161nji sezoni niso bili Aljin najljub\u0161i rekvizit in jih zato ni \u017eelela veliko delati. Na vpra\u0161anje povezovalke, ali se je to sedaj spremenilo, je Alja nasmejano in brez omahovanja odgovorila: <em>\u00bbJa, se je spremenilo.\u00ab<\/em><\/p>\n\n\n\n<p>Velik talent in njeno predanost delu v dvorani so prepoznali tudi pri generalnem sponzorju Gimnasti\u010dne zveze Slovenije, dru\u017ebi BTC d. o. o. Glavni izvr\u0161ni direktor dru\u017ebe BTC d. o. o. <strong>mag. Damjan Kralj<\/strong> je v\u010deraj z evropsko mladinsko podprvakinjo Aljo Ponikvar podpisal sponzorsko pogodbo do konca leta 2024, saj jo dru\u017eba BTC d. o. o. \u017eeli podpreti pri njenem nadaljnjem razvoju v vrhunsko \u0161portnico.<\/p>\n\n\n\n<p>Glede na vse prikazane uspehe je Alja na dobri poti, da sledi stopinjam <strong>Ekaterine Vedeneeve<\/strong>, ki zadnjih nekaj let premika mejnike slovenske ritmi\u010dne gimnastike.<\/p>\n\n\n\n<div class=\"wp-block-jetpack-tiled-gallery aligncenter is-style-rectangular\"><div class=\"\"><div class=\"tiled-gallery__gallery\"><div class=\"tiled-gallery__row\"><div class=\"tiled-gallery__col\" style=\"flex-basis:65.70421%\"><figure class=\"tiled-gallery__item\"><img decoding=\"async\" alt=\"\" data-height=\"1792\" data-id=\"6872\" data-link=\"https:\/\/www.gimnasticna-zveza.si\/index.php\/2024\/05\/23\/alja-ponikvar-evropska-podprvakinja-s-kiji\/10_sponzorji_gzs_banner_mailchimp_maj-2024\/\" data-url=\"https:\/\/www.gimnasticna-zveza.si\/wp-content\/uploads\/2024\/05\/10_sponzorji_gzs_banner_mailchimp_maj-2024-1024x717.jpg\" data-width=\"2560\" src=\"https:\/\/i1.wp.com\/www.gimnasticna-zveza.si\/wp-content\/uploads\/2024\/05\/10_sponzorji_gzs_banner_mailchimp_maj-2024-1024x717.jpg?ssl=1\" data-amp-layout=\"responsive\"\/><\/figure><\/div><div class=\"tiled-gallery__col\" style=\"flex-basis:34.29579%\"><figure class=\"tiled-gallery__item\"><img decoding=\"async\" alt=\"\" data-height=\"1707\" data-id=\"6882\" data-link=\"https:\/\/www.gimnasticna-zveza.si\/index.php\/2024\/05\/27\/slovenska-izbrana-vrsta-v-koper-po-finale\/tiskovka004\/\" data-url=\"https:\/\/www.gimnasticna-zveza.si\/wp-content\/uploads\/2024\/05\/tiskovka004-1024x683.jpg\" data-width=\"2560\" src=\"https:\/\/i2.wp.com\/www.gimnasticna-zveza.si\/wp-content\/uploads\/2024\/05\/tiskovka004-1024x683.jpg?ssl=1\" data-amp-layout=\"responsive\"\/><\/figure><figure class=\"tiled-gallery__item\"><img decoding=\"async\" alt=\"\" data-height=\"1707\" data-id=\"6881\" data-link=\"https:\/\/www.gimnasticna-zveza.si\/index.php\/2024\/05\/27\/slovenska-izbrana-vrsta-v-koper-po-finale\/tiskovka003\/\" data-url=\"https:\/\/www.gimnasticna-zveza.si\/wp-content\/uploads\/2024\/05\/tiskovka003-1024x683.jpg\" data-width=\"2560\" src=\"https:\/\/i0.wp.com\/www.gimnasticna-zveza.si\/wp-content\/uploads\/2024\/05\/tiskovka003-1024x683.jpg?ssl=1\" data-amp-layout=\"responsive\"\/><\/figure><\/div><\/div><div class=\"tiled-gallery__row\"><div class=\"tiled-gallery__col\" style=\"flex-basis:33.19963%\"><figure class=\"tiled-gallery__item\"><img decoding=\"async\" alt=\"\" data-height=\"1707\" data-id=\"6880\" data-link=\"https:\/\/www.gimnasticna-zveza.si\/index.php\/2024\/05\/27\/slovenska-izbrana-vrsta-v-koper-po-finale\/tiskovka002\/\" data-url=\"https:\/\/www.gimnasticna-zveza.si\/wp-content\/uploads\/2024\/05\/tiskovka002-1024x683.jpg\" data-width=\"2560\" src=\"https:\/\/i1.wp.com\/www.gimnasticna-zveza.si\/wp-content\/uploads\/2024\/05\/tiskovka002-1024x683.jpg?ssl=1\" data-amp-layout=\"responsive\"\/><\/figure><figure class=\"tiled-gallery__item\"><img decoding=\"async\" alt=\"\" data-height=\"1707\" data-id=\"6884\" data-link=\"https:\/\/www.gimnasticna-zveza.si\/index.php\/2024\/05\/27\/slovenska-izbrana-vrsta-v-koper-po-finale\/tiskovka006\/\" data-url=\"https:\/\/www.gimnasticna-zveza.si\/wp-content\/uploads\/2024\/05\/tiskovka006-1024x683.jpg\" data-width=\"2560\" src=\"https:\/\/i1.wp.com\/www.gimnasticna-zveza.si\/wp-content\/uploads\/2024\/05\/tiskovka006-1024x683.jpg?ssl=1\" data-amp-layout=\"responsive\"\/><\/figure><\/div><div class=\"tiled-gallery__col\" style=\"flex-basis:66.80037%\"><figure class=\"tiled-gallery__item\"><img decoding=\"async\" alt=\"\" data-height=\"1706\" data-id=\"6883\" data-link=\"https:\/\/www.gimnasticna-zveza.si\/index.php\/2024\/05\/27\/slovenska-izbrana-vrsta-v-koper-po-finale\/tiskovka005\/\" data-url=\"https:\/\/www.gimnasticna-zveza.si\/wp-content\/uploads\/2024\/05\/tiskovka005-1024x683.jpg\" data-width=\"2560\" src=\"https:\/\/i2.wp.com\/www.gimnasticna-zveza.si\/wp-content\/uploads\/2024\/05\/tiskovka005-1024x683.jpg?ssl=1\" data-amp-layout=\"responsive\"\/><\/figure><\/div><\/div><\/div><\/div><\/div>\n","protected":false},"excerpt":{"rendered":"<p>Foto Ale\u0161 Fev\u017eer Alja Ponikvar je na preteklem evropskem prvenstvu<span class=\"excerpt-hellip\"> [\u2026]<\/span><\/p>\n","protected":false},"author":8,"featured_media":6902,"comment_status":"closed","ping_status":"open","sticky":false,"template":"","format":"standard","meta":{"_monsterinsights_skip_tracking":false,"_monsterinsights_sitenote_active":false,"_monsterinsights_sitenote_note":"","_monsterinsights_sitenote_category":0,"footnotes":""},"categories":[34,31,35,40,28],"tags":[],"class_list":["post-6899","post","type-post","status-publish","format-standard","has-post-thumbnail","hentry","category-fig-in-ueg","category-gimnastika","category-mladinski-sport","category-ritmicna-gimnastika","category-vrhunski-sport"],"_links":{"self":[{"href":"https:\/\/gimnasticna-zveza.si\/index.php\/wp-json\/wp\/v2\/posts\/6899","targetHints":{"allow":["GET"]}}],"collection":[{"href":"https:\/\/gimnasticna-zveza.si\/index.php\/wp-json\/wp\/v2\/posts"}],"about":[{"href":"https:\/\/gimnasticna-zveza.si\/index.php\/wp-json\/wp\/v2\/types\/post"}],"author":[{"embeddable":true,"href":"https:\/\/gimnasticna-zveza.si\/index.php\/wp-json\/wp\/v2\/users\/8"}],"replies":[{"embeddable":true,"href":"https:\/\/gimnasticna-zveza.si\/index.php\/wp-json\/wp\/v2\/comments?post=6899"}],"version-history":[{"count":4,"href":"https:\/\/gimnasticna-zveza.si\/index.php\/wp-json\/wp\/v2\/posts\/6899\/revisions"}],"predecessor-version":[{"id":6904,"href":"https:\/\/gimnasticna-zveza.si\/index.php\/wp-json\/wp\/v2\/posts\/6899\/revisions\/6904"}],"wp:featuredmedia":[{"embeddable":true,"href":"https:\/\/gimnasticna-zveza.si\/index.php\/wp-json\/wp\/v2\/media\/6902"}],"wp:attachment":[{"href":"https:\/\/gimnasticna-zveza.si\/index.php\/wp-json\/wp\/v2\/media?parent=6899"}],"wp:term":[{"taxonomy":"category","embeddable":true,"href":"https:\/\/gimnasticna-zveza.si\/index.php\/wp-json\/wp\/v2\/categories?post=6899"},{"taxonomy":"post_tag","embeddable":true,"href":"https:\/\/gimnasticna-zveza.si\/index.php\/wp-json\/wp\/v2\/tags?post=6899"}],"curies":[{"name":"wp","href":"https:\/\/api.w.org\/{rel}","templated":true}]}}