{"id":6665,"date":"2024-03-30T17:30:00","date_gmt":"2024-03-30T15:30:00","guid":{"rendered":"https:\/\/www.gimnasticna-zveza.si\/?p=6665"},"modified":"2024-04-02T09:20:54","modified_gmt":"2024-04-02T07:20:54","slug":"drugi-dan-kvalifikacij-v-antalyi-uspesna-se-zala-trtnik","status":"publish","type":"post","link":"https:\/\/gimnasticna-zveza.si\/index.php\/2024\/03\/30\/drugi-dan-kvalifikacij-v-antalyi-uspesna-se-zala-trtnik\/","title":{"rendered":"Drugi dan kvalifikacij v Antalyi uspe\u0161na \u0161e Zala Trtnik"},"content":{"rendered":"\n<p><strong>Antalya, 30. marca (STA) &#8211; Potem ko sta bili prvi dan kvalifikacij gimnasti\u010dnega svetovnega izziva v Antalyi v petek uspe\u0161ni telovadki Tja\u0161a Kysselef s prvo oceno preskoka ter olimpijka Lucija Hribar s sedmo na dvovi\u0161inski bradlji, si je danes finale pritelovadila \u0161e Zala Trtnik. Komaj 18-letna Ljubljan\u010danka se je uvrstila v finale na gredi s sedmim dose\u017ekom &#8211; 12,950 to\u010dke.<\/strong><\/p>\n\n\n\n<p>Po uspe\u0161nem prvem dnevu za slovensko reprezentanco sta se danes v kvalifikacijah na gredi predstavili \u0161e Hribar in Trtnik.<\/p>\n\n\n\n<p>Kot je za STA iz Tur\u010dije sporo\u010dil trener Urban Sever, se Hribar sestava na gredi ni posre\u010dila, saj je padla z orodja (11,450 to\u010dke), medtem ko je Trtnik po njegovih besedah prikazala povpre\u010den nastop, kar pa je bilo kljub mo\u010dni konkurenci dovolj za preboj med najbolj\u0161o osmerico finalistk.<\/p>\n\n\n\n<p><em>&#8220;Lucija je padla. Naredila je nekoliko slab\u0161o sestavo, danes ni bil njen dan, ampak je \u017ee v\u010deraj opravila nastop na bradlji tako, kot je bilo treba,&#8221; <\/em>je uvodoma povedal Sever.<\/p>\n\n\n\n<p><em>&#8220;Zala pa je danes prikazala povpre\u010dno sestavo, ki pa je bila zelo dobro ocenjena. Vendar zna nastopiti \u0161e precej, precej bolj\u0161e, tako da upam, da bo to pokazala jutri v finalu. Zelo smo veseli. Jutri imamo tri finala v konkurenci samih svetovnih in evropskih prvakinj, tako da smo zelo zadovoljni,&#8221;<\/em> je dodal slovenski trener.<\/p>\n\n\n\n<p>Vsi finalni nastopi so na sporedu v nedeljo.<\/p>\n\n\n\n<div class=\"wp-block-jetpack-tiled-gallery aligncenter is-style-rectangular\"><div class=\"tiled-gallery__gallery\"><div class=\"tiled-gallery__row\"><div class=\"tiled-gallery__col\" style=\"flex-basis:70.59853%\"><figure class=\"tiled-gallery__item\"><img decoding=\"async\" alt=\"\" data-height=\"1200\" data-id=\"6685\" data-link=\"https:\/\/www.gimnasticna-zveza.si\/index.php\/2024\/04\/02\/tjasa-kysselef-zmagovalka-svetovnega-izziva-v-antalyi\/zala-in-urban_2024\/\" data-url=\"https:\/\/www.gimnasticna-zveza.si\/wp-content\/uploads\/2024\/04\/Zala-in-Urban_2024-1024x768.jpg\" data-width=\"1600\" src=\"https:\/\/i2.wp.com\/www.gimnasticna-zveza.si\/wp-content\/uploads\/2024\/04\/Zala-in-Urban_2024-1024x768.jpg?ssl=1\" data-amp-layout=\"responsive\"\/><\/figure><\/div><div class=\"tiled-gallery__col\" style=\"flex-basis:29.40147%\"><figure class=\"tiled-gallery__item\"><img decoding=\"async\" alt=\"\" data-height=\"1792\" data-id=\"5224\" data-link=\"https:\/\/www.gimnasticna-zveza.si\/09_sponzorji_gzs_banner_mailchimp_februar-2023\/\" data-url=\"https:\/\/www.gimnasticna-zveza.si\/wp-content\/uploads\/2023\/02\/09_sponzorji_gzs_banner_mailchimp_februar-2023-1024x717.jpg\" data-width=\"2560\" src=\"https:\/\/i1.wp.com\/www.gimnasticna-zveza.si\/wp-content\/uploads\/2023\/02\/09_sponzorji_gzs_banner_mailchimp_februar-2023-1024x717.jpg?ssl=1\" data-amp-layout=\"responsive\"\/><\/figure><figure class=\"tiled-gallery__item\"><img decoding=\"async\" alt=\"\" data-height=\"1193\" data-id=\"6692\" data-link=\"https:\/\/www.gimnasticna-zveza.si\/?attachment_id=6692\" data-url=\"https:\/\/www.gimnasticna-zveza.si\/wp-content\/uploads\/2024\/04\/Zala_5_2024-936x1024.jpg\" data-width=\"1090\" src=\"https:\/\/i1.wp.com\/www.gimnasticna-zveza.si\/wp-content\/uploads\/2024\/04\/Zala_5_2024-936x1024.jpg?ssl=1\" data-amp-layout=\"responsive\"\/><\/figure><\/div><\/div><div class=\"tiled-gallery__row\"><div class=\"tiled-gallery__col\" style=\"flex-basis:100.00000%\"><figure class=\"tiled-gallery__item\"><img decoding=\"async\" alt=\"\" data-height=\"1600\" data-id=\"6693\" data-link=\"https:\/\/www.gimnasticna-zveza.si\/?attachment_id=6693\" data-url=\"https:\/\/www.gimnasticna-zveza.si\/wp-content\/uploads\/2024\/04\/Zala_1-768x1024.jpg\" data-width=\"1200\" src=\"https:\/\/i1.wp.com\/www.gimnasticna-zveza.si\/wp-content\/uploads\/2024\/04\/Zala_1-768x1024.jpg?ssl=1\" data-amp-layout=\"responsive\"\/><\/figure><\/div><\/div><\/div><\/div>\n","protected":false},"excerpt":{"rendered":"<p>Antalya, 30. marca (STA) &#8211; Potem ko sta bili prvi<span class=\"excerpt-hellip\"> [\u2026]<\/span><\/p>\n","protected":false},"author":8,"featured_media":6679,"comment_status":"closed","ping_status":"closed","sticky":false,"template":"","format":"standard","meta":{"_monsterinsights_skip_tracking":false,"_monsterinsights_sitenote_active":false,"_monsterinsights_sitenote_note":"","_monsterinsights_sitenote_category":0,"footnotes":""},"categories":[34,31,39,30],"tags":[],"class_list":["post-6665","post","type-post","status-publish","format-standard","has-post-thumbnail","hentry","category-fig-in-ueg","category-gimnastika","category-sportna-gimnastika","category-svetovni-pokal-v-sportni-gimnastiki"],"_links":{"self":[{"href":"https:\/\/gimnasticna-zveza.si\/index.php\/wp-json\/wp\/v2\/posts\/6665","targetHints":{"allow":["GET"]}}],"collection":[{"href":"https:\/\/gimnasticna-zveza.si\/index.php\/wp-json\/wp\/v2\/posts"}],"about":[{"href":"https:\/\/gimnasticna-zveza.si\/index.php\/wp-json\/wp\/v2\/types\/post"}],"author":[{"embeddable":true,"href":"https:\/\/gimnasticna-zveza.si\/index.php\/wp-json\/wp\/v2\/users\/8"}],"replies":[{"embeddable":true,"href":"https:\/\/gimnasticna-zveza.si\/index.php\/wp-json\/wp\/v2\/comments?post=6665"}],"version-history":[{"count":3,"href":"https:\/\/gimnasticna-zveza.si\/index.php\/wp-json\/wp\/v2\/posts\/6665\/revisions"}],"predecessor-version":[{"id":6694,"href":"https:\/\/gimnasticna-zveza.si\/index.php\/wp-json\/wp\/v2\/posts\/6665\/revisions\/6694"}],"wp:featuredmedia":[{"embeddable":true,"href":"https:\/\/gimnasticna-zveza.si\/index.php\/wp-json\/wp\/v2\/media\/6679"}],"wp:attachment":[{"href":"https:\/\/gimnasticna-zveza.si\/index.php\/wp-json\/wp\/v2\/media?parent=6665"}],"wp:term":[{"taxonomy":"category","embeddable":true,"href":"https:\/\/gimnasticna-zveza.si\/index.php\/wp-json\/wp\/v2\/categories?post=6665"},{"taxonomy":"post_tag","embeddable":true,"href":"https:\/\/gimnasticna-zveza.si\/index.php\/wp-json\/wp\/v2\/tags?post=6665"}],"curies":[{"name":"wp","href":"https:\/\/api.w.org\/{rel}","templated":true}]}}