{"id":5871,"date":"2023-08-17T13:40:05","date_gmt":"2023-08-17T11:40:05","guid":{"rendered":"https:\/\/www.gimnasticna-zveza.si\/?p=5871"},"modified":"2023-08-17T13:40:08","modified_gmt":"2023-08-17T11:40:08","slug":"katja-na-svetovno-prvenstvo-po-olimpijsko-vozovnico","status":"publish","type":"post","link":"https:\/\/gimnasticna-zveza.si\/index.php\/2023\/08\/17\/katja-na-svetovno-prvenstvo-po-olimpijsko-vozovnico\/","title":{"rendered":"Katja na svetovno prvenstvo po olimpijsko vozovnico"},"content":{"rendered":"\n<p>V sredo, 23. avgusta 2023, se bo pri\u010delo 40. Svetovno prvenstvo v ritmi\u010dni gimnastiki. Po 22. letih se tekmovanje znova vra\u010da v \u0160panijo, v mesto Valencia. Na tekmovanju se bodo predstavile \u010dlanice v individualnih in skupinskih sestavah. Skupno bo sodelovalo 62 dr\u017eav, med njimi bo 89 tekmovalk v individualnem programu in 133 tekmovalk v programu skupinskih sestav. Prvi tekmovalni dan bodo znane tudi \u017ee prve nosilke medalj. Skupno se bo podelilo devet kompletov medalj in vstopnice na prihajajo\u010de olimpijske igre v Parizu. Pet naslovov svetovnih prvakinj se bo podelilo v individualnem programu, kjer se bodo tekmovalke pomerile v finalu mnogoboja in v finalih po rekvizitih (obro\u010d, \u017eoga, kiji in trak). V skupinskih sestavah se bodo tekmovalke pomerile v mnogoboju in v finalih po rekvizitu. Ekipno (posameznice in skupinske sestave) pa se bodo tekmovalke borile tudi za osvojitev naslova najbolj\u0161e ekipe na svetu, ki bo podeljen v petek. Tekmovalke v individualnem programu se bodo za vstopnice za prihajajo\u010de olimpijske igre borile v kvalifikacijah mnogoboja, kjer bodo kvoto svoji dr\u017eavi priborile 14 najbolj\u0161ih tekmovalk in skupinske sestave v petek, kjer bodo kvoto osvojile pet najbolj\u0161ih dr\u017eav. Med posameznicami so si kvote zagotovile \u017ee Italija, Nem\u010dija in Bolgarija, med skupinskimi sestavami Bolgarija, Izrael in \u0160panija. Slovenija se je na preteklem evropskem prvenstvu uvrstila med osem najbolj\u0161ih dr\u017eav in si tako zagotovila kvoto za udele\u017ebo svetovnega prvenstva z dvema do trema tekmovalkama. Z enako ekipo bo Slovenija odpotovala tudi v Valencio, kjer je \u017eelja slovenske delegacije predvsem zagotovitev vstopnice za prihajajo\u010de olimpijske igre.<\/p>\n\n\n\n<p>Prvo ime slovenske reprezentance v ritmi\u010dni gimnastiki <strong>Ekaterina Vedeneeva <\/strong>bo branila lansko zgodovinsko bronasto medaljo v sestavi s trakom. Svojo dobro pripravljenost v leto\u0161nji sezoni je potrdila tudi na evropskem prvenstvu v Bakuju med 17. in 21. majem 2023, kjer je v sestavi s kiji osvojila prvo bronasto medaljo. <em>\u00bbOpravili smo zelo veliko dela, treningov in priprav na svetovno prvenstvo. Trdo smo delali in upamo, da se bo na\u0161e delo obrestovalo. Ne postavljamo si ciljev. \u017delim navdu\u0161iti publiko in izvesti dobre ter \u010diste vaje, saj le tako lahko pride dober rezultat in uvrstitev,\u00ab <\/em>je dejala Katja, ki bo v kvalifikacijah mnogoboja Sloveniji poskusila zagotoviti kvoto na olimpijskih igrah. Katja je se je kot prva slovenka predstavila na Olimpijskih igrah v Tokyu 2020, kjer je zasedla 16. mesto. V leto\u0161nji sezoni se soo\u010da z la\u017ejo po\u0161kodbo kolka, ki jo uspe\u0161no nadzoruje z zdravnikom <strong>Vladimirom Korovinom<\/strong>, ki jo bo poleg njene dolgoletne trenerke<strong> Elene Drozhanove<\/strong> spremljal na tekmovanju.<em><\/em><\/p>\n\n\n\n<p>Uspe\u0161no sta svoje delo na evropskem prvenstvu opravili tudi <strong>Ela Polak<\/strong> in <strong>Brigita Kra\u0161ovec<\/strong>. <strong>Ela<\/strong> je v leto\u0161nji sezoni novinka v \u010dlanski kategoriji, vendar ima z velikimi tekmovanji kar nekaj izku\u0161enj. Predstavila se je na dveh mladinskih evropskih prvenstvih in letos tudi na \u010dlanskem evropskem prvenstvu, kjer se je v sestavi s trakom uvrstila na 23. mesto. V leto\u0161nji sezoni je Ela, ob odsotnosti Ekaterine Vedeneeve, osvojila naslov dr\u017eavne prvakinje v mnogoboju. <em>\u00bbTo bo moje prvo \u010dlansko svetovno prvenstvo. Misli so usmerjenje predvsem v \u010dim bolj\u0161o izvedbo vaje. Tekmovala bom z enakima rekvizitoma kot na evropskem prvenstvu, obro\u010dem in trakom. \u017delim si izvesti izrazno vajo in na tekmovanju u\u017eivati,\u00ab<\/em> je dejala Ela, za katero bo to prvo svetovno prvenstvo.Njena dolgoletna trenerka <strong>Viktorija Rus<\/strong> si \u017eeli, da bo Ela s prikazanimi sestavami zadovoljna:<em> \u00bbZa Elo kot njeno trenerko, ki jo spremljam \u017ee od samega za\u010detka, kategorije mlaj\u0161ih deklic, sem izredno vesela, da se je najprej uvrstila v ekipo za evropsko prvenstvo in skupaj z ostalima reprezentantkama, v prvi vrsti z Ekaterino Vedenevo, osvojila ta odli\u010den rezultat (8. mesto), s katerim si je Slovenija pridobila pravico za udele\u017ebo na svetovnem prvenstvu z dvema do trema tekmovalkama. Na strokovnem odboru smo se odlo\u010dili, da se <strong>Brigita<\/strong> in <strong>Ela<\/strong> udele\u017eita tekmovanja z dvema rekvizitoma. Ocenili smo, da si obe enakovredno zasluzita udele\u017ebo na svetovnem prvenstvu. Ela se bo pri svojih \u0161e 15 letih, nima niti dopolnjenih 16 let, in prvemu letu v \u010dlanski kategoriji, udele\u017eila tako evropskega prvenstva kot sedaj tudi \u0161e svetovnega prvenstva. Pri\u010dakujem oziroma \u017eelim si, da bo Ela dobro, brez ve\u010djih napak, izvedla obe vaji. Dodelili smo ji obro\u010d in trak. Obro\u010d smo nekoliko ote\u017eili, za dodano to\u010dko pri te\u017einah z rekvizitom, pri traku smo pili izvedbo te\u017ein. \u017delim ji, da bo ta tekma za njo predvsem dodatna motivacija za naprej.\u00ab<\/em><\/p>\n\n\n\n<p>Na tekmovanju bo nastopilal tudi <strong>Brigita Kra\u0161ovec<\/strong>, ki je pred kratkim Slovenijo \u017ee zastopala na Svetovnih univerzitetnih igrah, kjer se je v sestavi z obro\u010dem uvrstila na 9. mesto. Z \u017eogo in kiji pa je Slovenijo zastopala tudi na evropskem prvenstvu, kjer se je v uvrstila na 25. in 21. mesto. <em>\u00bbNa tekmovanju se bom predstavila z \u017eogo in kiji. To bo moje drugo svetovno prvenstvo, vendar prvo v \u010dlanski kategoriji. Na tako velikih tekmovanjih je vedno prisotno tudi nekaj stresa, zato si predvsem \u017eelim dobro izvesti obe vaji in s tem narediti tudi dober rezultat,\u00ab <\/em>je na zadnjih treningih dejala Brigita. <em>\u00bbBrigito \u010daka \u0161e najpomembnej\u0161e tekmovanje te sezone. To bo njeno prvo \u010dlansko svetovno prvenstvo. Kot mladinka se je \u017ee predstavila na prvem mladinskem svetovnem prvenstvu. Po dobrih nastopih na evropskem prvenstvu smo izvedli nekaj popravkov oziroma smo opravili spremembe v vaji s kiji, da bi dvignili izhodi\u0161\u010dno oceno. Cilj je, da naredi dobre vaje in s tem izbolj\u0161a svoje rezultate,\u00ab<\/em> je povedala njena trenerka <strong>Ana Kokalj<\/strong>.<\/p>\n\n\n\n<p>Predsednica Strokovnega odbora za ritmi\u010dno gimnastiko pri Gimnasti\u010dni zvezi Slovenije <strong>Alena Yakubouskaya<\/strong> je dejala:\u00bb<em>Kot predsednica Strokovnega odbora za ritmi\u010dno gimnastiko sem zelo ponosna na leto\u0161nje rezultate, ki jih na\u0161e tekmovalke osvajajo na velikih tekmovanjih, predvsem na evropskem in mladinskem svetovnem prvenstvu! Pred nami je zadnja velika preizku\u0161nja leto\u0161nje sezone, svetovno prvenstvo v Valencii. Tekmovanje ima veliko te\u017eo, saj se bodo tu delile olimpijske vozovnice za Paris 2024. To je zagotovo glavni cilj &nbsp;<strong>Ekaterine Vedeneeve<\/strong>. Realno pri\u010dakujemo tudi uvrstitev <strong>Ekaterine<\/strong> v finalne dele tekmovanja. Za drugi dve \u010dlanici, <strong>Elo Polak<\/strong> in <strong>Brigito<\/strong> <strong>Kra\u0161ovec,<\/strong> pa je glavni cilj, da izpeljeta vaje brez ve\u010djih napak in se borita za uvrstitev v prvi polovico tekmovalk pri posameznem rekvizitu.\u00ab <\/em>Na tekmovanje bo kot slovenska sodnica z mednarodnim breve I izpitom potovala <strong>\u0160pela Alenka Draga\u0161<\/strong>.<em><\/em><\/p>\n\n\n\n<p>Kvalifikacije v \u010dlanski kategoriji in s tem tudi boj za olimpijske vozovnice se bodo pri\u010dele v sredo z obro\u010dem in \u017eogo, kjer bodo predstavnice Slovenije med prvimi tekmovale v skupini A. Naslov svetovne prvakinje v mnogoboju bo poskusila obraniti Italijanka <strong>Sofia Raffaeli<\/strong>, ki bo nastopala v skupini B. Poleg nje bosta v skupini B nastopili \u0161e Izraelki <strong>Adi Asya Katz<\/strong> in <strong>Daria Atamanov<\/strong>, ki se po dalj\u0161i odsotnosti zaradi po\u0161kodbe vra\u010da na tekmovalna prizori\u0161\u010da. V skupini C se bodo za naslov svetovne prvakinje borili \u0161e evropska prvakinja v mnogoboju Bolgarka <strong>Boryana<\/strong> <strong>Kaleyn, <\/strong>Bolgarka<strong> Stiliana Nikolova,<\/strong> ki je na preteklem svetovnem prvenstvu osvojila \u0161tiri medalje in aktualna svetovna podprvakinja v mnogoboju Nemka <strong>Darja Varfolomeev<\/strong>. V skupinskih sestavah se bodo za najvi\u0161ja mesta borile Italijanke, Bolgarke, Izraelke, Ukrajinke in \u0160panke, kjer bodo Bolgarke poskusile obraniti lanski naslov svetovnih prvakinj v mnogoboju.<\/p>\n\n\n\n<p><strong>Slovenska delegacija:<\/strong><\/p>\n\n\n\n<ul class=\"wp-block-list\">\n<li>Ekaterina Vedeneeva, mnogoboj,<\/li>\n\n\n\n<li>Ela Polak, obro\u010d in trak,<\/li>\n\n\n\n<li>Brigita Kra\u0161ovec, \u017eoga in kiji,<\/li>\n\n\n\n<li>Elena Drozhanova, trener<\/li>\n\n\n\n<li>Ana Kokalj, trener,<\/li>\n\n\n\n<li>\u0160pela Alenka Draga\u0161, sodnica,<\/li>\n\n\n\n<li>Vladimir Korovin, zdravnik<\/li>\n<\/ul>\n\n\n\n<p><strong>Kako lahko spremljate tekmovanje?<\/strong><\/p>\n\n\n\n<ul class=\"wp-block-list\">\n<li>v sredo, \u010detrtek, petek, soboto in nedeljo bo mo\u017een ogled tekmovanja na 2. programu <strong>RTV Slovenija<\/strong>.<ul><li>sreda, 23. 8. 2023, 22.10-23.45: posameznice, finala obro\u010d in \u017eoga, posnetek,<\/li><\/ul><ul><li>\u010detrtek, 24. 8. 2023: 21.55-23.30: posameznice, finala kiji in trak, posnetek,<\/li><\/ul><ul><li>petek, 25. 8. 2023: 21.55-23.30: skupinske sestave, mnogoboj, posnetek,<\/li><\/ul><ul><li>sobota, 26. 8. 2023, 21.55-23.30: posameznice, finale mnogoboja, posnetek in<\/li><\/ul>\n<ul class=\"wp-block-list\">\n<li>nedelja, 27. 8. 2023, 15.55-17.50: skupinske sestave, finala 5x obro\u010d in 3x trak +2x \u017eoge, prenos.<\/li>\n<\/ul>\n<\/li>\n<\/ul>\n\n\n\n<p>Ve\u010d informacij najdete <a href=\"http:\/\/rgvalencia2023.es\/#\">TUKAJ<\/a>.<\/p>\n\n\n\n<p><strong>URNIK TEKMOVANJA<\/strong>:<\/p>\n\n\n\n<p><strong>sreda, 23. avgust 2023:<\/strong><br>09.30-19.30: kvalifikacije za finale mnogoboja, finala po rekvizitu, ekipna uvrstitev; posameznice; obro\u010d in \u017eoga<\/p>\n\n\n\n<ul class=\"wp-block-list\">\n<li>09.30-11.30: podskupina A <strong>(Slovenija)<\/strong>,<\/li>\n\n\n\n<li>12.00-14.06: podskupina B,<\/li>\n\n\n\n<li>15.00-17.12: podskupina C,<\/li>\n\n\n\n<li>17.30-19.30: podskupina D.<\/li>\n<\/ul>\n\n\n\n<p>21.00-22.22: finala po rekvizitu za obro\u010d in \u017eogo; posameznice<\/p>\n\n\n\n<ul class=\"wp-block-list\">\n<li>21.00-21.35: finale po posameznem rekvizitu &#8211; obro\u010d,<\/li>\n\n\n\n<li>21.47-22.22: finale po posameznem rekvizitu &#8211; \u017eoga.<\/li>\n<\/ul>\n\n\n\n<p><strong>\u010detrtek, 24. avgust 2023:<\/strong><br>09.30-19.42: kvalifikacije za finale mnogoboja, finala po rekvizitu, ekipna uvrstitev; posameznice; kiji in trak<\/p>\n\n\n\n<ul class=\"wp-block-list\">\n<li>09.30-11.36: podskupina A <strong>(Slovenija)<\/strong>,<\/li>\n\n\n\n<li>12.00-14.00: podskupina B,<\/li>\n\n\n\n<li>15.00-17.00: podskupina C,<\/li>\n\n\n\n<li>17.30-19.42: podskupina D.<\/li>\n<\/ul>\n\n\n\n<p>21.00-22.22: finala po rekvizitu za obro\u010d in \u017eogo; posameznice<\/p>\n\n\n\n<ul class=\"wp-block-list\">\n<li>21.00-21.35: finale po posameznem rekvizitu &#8211; kiji,<\/li>\n\n\n\n<li>21.47-22.22: finale po posameznem rekvizitu &#8211; trak.<\/li>\n<\/ul>\n\n\n\n<figure class=\"wp-block-gallery has-nested-images columns-default is-cropped wp-block-gallery-1 is-layout-flex wp-block-gallery-is-layout-flex\">\n<figure class=\"wp-block-image\"><img fetchpriority=\"high\" decoding=\"async\" width=\"2560\" height=\"1792\" data-id=\"5224\" src=\"https:\/\/www.gimnasticna-zveza.si\/wp-content\/uploads\/2023\/02\/09_sponzorji_gzs_banner_mailchimp_februar-2023-scaled.jpg\" alt=\"\" class=\"wp-image-5224\" srcset=\"https:\/\/gimnasticna-zveza.si\/wp-content\/uploads\/2023\/02\/09_sponzorji_gzs_banner_mailchimp_februar-2023-scaled.jpg 2560w, https:\/\/gimnasticna-zveza.si\/wp-content\/uploads\/2023\/02\/09_sponzorji_gzs_banner_mailchimp_februar-2023-300x210.jpg 300w, https:\/\/gimnasticna-zveza.si\/wp-content\/uploads\/2023\/02\/09_sponzorji_gzs_banner_mailchimp_februar-2023-1024x717.jpg 1024w, https:\/\/gimnasticna-zveza.si\/wp-content\/uploads\/2023\/02\/09_sponzorji_gzs_banner_mailchimp_februar-2023-768x537.jpg 768w, https:\/\/gimnasticna-zveza.si\/wp-content\/uploads\/2023\/02\/09_sponzorji_gzs_banner_mailchimp_februar-2023-1536x1075.jpg 1536w, https:\/\/gimnasticna-zveza.si\/wp-content\/uploads\/2023\/02\/09_sponzorji_gzs_banner_mailchimp_februar-2023-2048x1433.jpg 2048w, https:\/\/gimnasticna-zveza.si\/wp-content\/uploads\/2023\/02\/09_sponzorji_gzs_banner_mailchimp_februar-2023-209x146.jpg 209w, https:\/\/gimnasticna-zveza.si\/wp-content\/uploads\/2023\/02\/09_sponzorji_gzs_banner_mailchimp_februar-2023-50x35.jpg 50w, https:\/\/gimnasticna-zveza.si\/wp-content\/uploads\/2023\/02\/09_sponzorji_gzs_banner_mailchimp_februar-2023-107x75.jpg 107w, https:\/\/gimnasticna-zveza.si\/wp-content\/uploads\/2023\/02\/09_sponzorji_gzs_banner_mailchimp_februar-2023-800x560.jpg 800w\" sizes=\"(max-width:767px) 480px, (max-width:2560px) 100vw, 2560px\" \/><\/figure>\n<\/figure>\n","protected":false},"excerpt":{"rendered":"<p>V sredo, 23. avgusta 2023, se bo pri\u010delo 40. Svetovno<span class=\"excerpt-hellip\"> [\u2026]<\/span><\/p>\n","protected":false},"author":8,"featured_media":5876,"comment_status":"closed","ping_status":"closed","sticky":false,"template":"","format":"standard","meta":{"_monsterinsights_skip_tracking":false,"_monsterinsights_sitenote_active":false,"_monsterinsights_sitenote_note":"","_monsterinsights_sitenote_category":0,"footnotes":""},"categories":[34,31,40,28],"tags":[],"class_list":["post-5871","post","type-post","status-publish","format-standard","has-post-thumbnail","hentry","category-fig-in-ueg","category-gimnastika","category-ritmicna-gimnastika","category-vrhunski-sport"],"_links":{"self":[{"href":"https:\/\/gimnasticna-zveza.si\/index.php\/wp-json\/wp\/v2\/posts\/5871","targetHints":{"allow":["GET"]}}],"collection":[{"href":"https:\/\/gimnasticna-zveza.si\/index.php\/wp-json\/wp\/v2\/posts"}],"about":[{"href":"https:\/\/gimnasticna-zveza.si\/index.php\/wp-json\/wp\/v2\/types\/post"}],"author":[{"embeddable":true,"href":"https:\/\/gimnasticna-zveza.si\/index.php\/wp-json\/wp\/v2\/users\/8"}],"replies":[{"embeddable":true,"href":"https:\/\/gimnasticna-zveza.si\/index.php\/wp-json\/wp\/v2\/comments?post=5871"}],"version-history":[{"count":3,"href":"https:\/\/gimnasticna-zveza.si\/index.php\/wp-json\/wp\/v2\/posts\/5871\/revisions"}],"predecessor-version":[{"id":5875,"href":"https:\/\/gimnasticna-zveza.si\/index.php\/wp-json\/wp\/v2\/posts\/5871\/revisions\/5875"}],"wp:featuredmedia":[{"embeddable":true,"href":"https:\/\/gimnasticna-zveza.si\/index.php\/wp-json\/wp\/v2\/media\/5876"}],"wp:attachment":[{"href":"https:\/\/gimnasticna-zveza.si\/index.php\/wp-json\/wp\/v2\/media?parent=5871"}],"wp:term":[{"taxonomy":"category","embeddable":true,"href":"https:\/\/gimnasticna-zveza.si\/index.php\/wp-json\/wp\/v2\/categories?post=5871"},{"taxonomy":"post_tag","embeddable":true,"href":"https:\/\/gimnasticna-zveza.si\/index.php\/wp-json\/wp\/v2\/tags?post=5871"}],"curies":[{"name":"wp","href":"https:\/\/api.w.org\/{rel}","templated":true}]}}