{"id":5846,"date":"2023-07-27T11:13:00","date_gmt":"2023-07-27T09:13:00","guid":{"rendered":"https:\/\/www.gimnasticna-zveza.si\/?p=5846"},"modified":"2023-07-31T18:15:26","modified_gmt":"2023-07-31T16:15:26","slug":"pet-slovenskih-telovadcev-na-svetovnih-univerzitetnih-igrah-chengdu-2021","status":"publish","type":"post","link":"https:\/\/gimnasticna-zveza.si\/index.php\/2023\/07\/27\/pet-slovenskih-telovadcev-na-svetovnih-univerzitetnih-igrah-chengdu-2021\/","title":{"rendered":"Pet slovenskih telovadcev na Svetovnih univerzitetnih igrah Chengdu 2021"},"content":{"rendered":"\n<p>Konec meseca julija se bo na Kitajskem pri\u010delo najve\u010dje tekmovanje za \u0161tudente Svetovne univerzitetne igre <a>Chengdu 2021<\/a>. Tekmovanje bi moralo potekati v letu 2021, vendar je bilo zaradi pandemije Covid-19 prestavljeno na leto 2023. Med 28. julijem in 8. avgustom 2023 se bodo tako univerzitetni \u0161portniki zbrali v mestu Chengdu, kjer se bodo pomerili v 15 \u0161portnih panogah. Med njimi tudi v \u0161portni in ritmi\u010dni gimnastiki, v katerih bo predstavnike imela Slovenija.<\/p>\n\n\n\n<p>Slovenijo bodo v \u017eenski \u0161portni gimnastiki zastopale <strong>Meta Kunaver<\/strong>, <strong>Sara King<\/strong> in <strong>Lara Crnjac<\/strong>. Na zadnjem tekmovanju pred odhodom na svetovne univerzitetne igre sta se zelo dobro odrezali <strong>Sara<\/strong> in <strong>Lara<\/strong>. <strong>Lara Crnjac <\/strong>je na tekmovanju osvojila zlato medaljo na dvovi\u0161inski bradlji. <strong>Sara King<\/strong> se je izvrstno odrezala v mnogoboju, kjer je zasedla 5. mesto in v nedeljskih finalih, kjer je trikrat osvojila bronasto medaljo. <strong>Meta Kunaver<\/strong> je Slovenijo letos \u017ee zastopala na najve\u010djih tekmovanjih, in sicer na evropskem prvenstvu v Tur\u010diji, kjer je zaradi po\u0161kodbe morala izpustiti drugi skok na njenem paradnem orodju preskok.<\/p>\n\n\n\n<p><em>\u00bbNajbolj smo zadovoljni z dejstvom, da smo uspeli sestavi ekipo treh deklet, \u0161tudentk, \u0161e vedno na takem nivoju, da lahko gredo na veliko tekmo. Medalj ne pri\u010dakujemo. Upamo, da bodo naredile to, kar znajo in svoje vaje, tako kot jih prikazujejo na treningih. Kaj bo to rezultatsko pomenilo, pa bomo videli na samem tekmovanju, saj \u0161e vedno nismo videli liste nastopajo\u010dih in niti ne vemo, proti komu tekmujemo. <strong>Meta<\/strong> je od na\u0161ih najmo\u010dnej\u0161a na preskoku, <strong>Lara<\/strong> na bradlji in <strong>Sara<\/strong> v mnogoboju. To so najmo\u010dnej\u0161a oro\u017eja na\u0161ih tekmovalk, kaj bo rezultatsko to pomenilo, pa bomo videli na samem prizori\u0161\u010du,\u00ab <\/em>je pred odhodom povedal vodja reprezentanc v \u017eenski \u0161portni gimnastiki<strong> Andrej Mavri\u010d<\/strong>.<\/p>\n\n\n\n<p>Poleg predstavnic v \u017eenski \u0161portni gimnastiki bosta Slovenijo v ritmi\u010dni gimnastiki zastopali tudi <strong>Brigita Kra\u0161ovec<\/strong> in <strong>Nastja Podvratnik<\/strong>. <strong>Brigita<\/strong> je letos prvi\u010d nastopila na \u010dlanskem evropskem prvenstvu, kjer se je odrezala zelo dobro. V sestavi s kiji se je uvrstila na odli\u010dno 21. mesto in v sestavi z \u017eogo na 25. mesto. Nastja je svoje sestave dobro predstavila na dr\u017eavnem prvenstvu v individualnem programu, kjer se je uvrstila v tri finale. Najbolj\u0161o uvrstitev je dosegla v sestavi z \u017eogo, kjer je bila peta. <strong>Brigita<\/strong> je na dr\u017eavnem prvenstvu osvojila tri naslove dr\u017eavne prvakinje (obro\u010d, \u017eoga in kiji).<\/p>\n\n\n\n<p>Trenerka <strong>Sara Kragulj<\/strong>, ki bo na tekmovanju spremljala dekleti je pred odhodom dejala:<em> \u00bbLetos se bosta svetovnih univerzitetnih iger na Kitajskem udele\u017eili dve tekmovalki, <strong>Brigita Kra\u0161ovec<\/strong> in <strong>Nastja Podvratnik<\/strong> s trenerko <strong>Saro Kragulj<\/strong> in sodnico <strong>Ano Kokalj<\/strong>. Potovale bomo v mesto Chengdu, kjer so pogoji zelo zahtevni, visoka vla\u017enost in visoke temperature bodo predstavljale velik izziv. Obe dekleti sta uspe\u0161no opravili priprave doma in dobro pripravljeni potujeta na univerzijado. Brigita se je pred odhodom udele\u017eila \u0161e svetovnega pokala v <strong>Milanu<\/strong>, <strong>Nastja<\/strong> pa je doma opravila uspe\u0161en kontrolni trening. Glede rezultatskih pri\u010dakovanj, vezanih na tekmovanje, zelo te\u017eko govorimo, saj bomo za dr\u017eave in \u0161tevilo udele\u017eenk izvedeli \u0161ele na tekmovali\u0161\u010du. \u017delja vseh nas je, da dekleti dobro predstavita svoje tekmovalne programe in tako pose\u017eeta po dobrih uvrstitvah v Chengduju. Predvsem si \u017eelim, da na dogodku u\u017eivata, ob\u010dutita vzdu\u0161je tako velikega \u0161portnega dogodka in bivanje v \u0161portni vasi ter uresni\u010dita svoje sanje, kar je tudi slogan leto\u0161njih iger: Chengdu Makes Dreams Come True!,\u00ab<\/em><\/p>\n\n\n\n<h6 class=\"wp-block-heading\"><strong>Ritmi\u010dna gimnastika:<\/strong><\/h6>\n\n\n\n<ul class=\"wp-block-list\">\n<li>Brigita Kra\u0161ovec,<\/li>\n\n\n\n<li>Nastja Podvratnik,<\/li>\n\n\n\n<li>Sara Kragulj, trener in<\/li>\n\n\n\n<li>Ana Kokalj, sodnik.<\/li>\n<\/ul>\n\n\n\n<h6 class=\"wp-block-heading\"><strong>\u017denska \u0161portna gimnastika:<\/strong><\/h6>\n\n\n\n<ul class=\"wp-block-list\">\n<li>Meta Kunaver,<\/li>\n\n\n\n<li>Sara King,<\/li>\n\n\n\n<li>Lara Crnjac,<\/li>\n\n\n\n<li>Andrej Mavir\u010d, trener,<\/li>\n\n\n\n<li>Klemen Bedenik, trener in<\/li>\n\n\n\n<li>Mojca Mavri\u010d, sodnik.<\/li>\n<\/ul>\n\n\n\n<p>Ve\u010d informacij najdete <a href=\"http:\/\/Ve\u010d informacij najdete na: https:\/\/www.2021chengdu.com\/en\/activity\/news?lang=en&amp;cid=focus\">TUKAJ<\/a>:<\/p>\n\n\n\n<h6 class=\"wp-block-heading\"><strong>URNIK TEKMOVANJA ZA RITMI\u010cNO GIMNASTIKO<\/strong><\/h6>\n\n\n\n<p><strong>Sobota, 29. julij 2023:<\/strong><br>08.00: mnogoboj, kvalifikacije finale po rekvizitu; posameznice in skupinske sestave<\/p>\n\n\n\n<ul class=\"wp-block-list\">\n<li>08.00: podskupina 1; posameznice; obro\u010d in \u017eoga,<\/li>\n\n\n\n<li>10.00: podskupina 2; posameznice; obro\u010d in \u017eoga,<\/li>\n\n\n\n<li>12.30: skupinska sestava; 5x obro\u010d.<\/li>\n<\/ul>\n\n\n\n<p><strong>Nedelja, 30. julij2023:<\/strong><br>08.00: mnogoboj, kvalifikacije finale po rekvizitu; posameznice in skupinske sestave<\/p>\n\n\n\n<ul class=\"wp-block-list\">\n<li>08.00: podskupina 1; posameznice; kiji in trak;<\/li>\n\n\n\n<li>10.00: podskupina 2, posameznice; kiji in trak;<\/li>\n\n\n\n<li>12.15: skupinska sestava; 3x trak in 2x \u017eoge.<\/li>\n<\/ul>\n\n\n\n<p><strong>Ponedeljek, 31. julij 2023<\/strong><br>08.00-13.15: finali po rekvizitu; posameznice in skupinske sestave<\/p>\n\n\n\n<ul class=\"wp-block-list\">\n<li>08.00-8.30: obro\u010d,<\/li>\n\n\n\n<li>08.30-9.00: \u017eoga,<\/li>\n\n\n\n<li>09.00-9.30: 5x obro\u010d,<\/li>\n\n\n\n<li>10.30-11.00: kiji,<\/li>\n\n\n\n<li>11.00-12.00: trak,<\/li>\n\n\n\n<li>11.30-13.00: 3x trak in 2x \u017eoge.<\/li>\n<\/ul>\n\n\n\n<h5 class=\"wp-block-heading\">URNIK TEKMOVANJA ZA \u0160PORTNO GIMNASTIKO<\/h5>\n\n\n\n<p><strong>torek, 1. avgust 2023:<\/strong><br>08.00-15.45: kvalifikacije za finale mnogoboja in po orodju, ekipno tekmovanje, M\u0160G<\/p>\n\n\n\n<ul class=\"wp-block-list\">\n<li>08.00-11.30: podskupina 1,<\/li>\n\n\n\n<li>11.30-15.45: podskupina 2.<\/li>\n<\/ul>\n\n\n\n<h6 class=\"wp-block-heading\"><strong>sreda, 2. avgust 2023:<\/strong><br>08.00-16.05: kvalifikacije za finale mnogoboja in po orodju, ekipno tekmovanje, M\u0160G<\/h6>\n\n\n\n<ul class=\"wp-block-list\">\n<li>08.00-11.15: podskupina 3,<\/li>\n\n\n\n<li>11.30-15.45: podskupina 4.<\/li>\n<\/ul>\n\n\n\n<h6 class=\"wp-block-heading\"><strong>\u010detrtek, 3. avgust 2023:<\/strong><br>08.00-15.35: kvalifikacije za finale mnogoboja in po orodju, ekipno tekmovanje, \u017d\u0160G<\/h6>\n\n\n\n<ul class=\"wp-block-list\">\n<li>04.00-06.30: podskupina 1 <strong>(Slovenija),<\/strong><\/li>\n\n\n\n<li>09.00-11.15: podskupina 2,<\/li>\n\n\n\n<li>13.00-15.15: podskupina 3.<\/li>\n<\/ul>\n\n\n\n<h6 class=\"wp-block-heading\"><strong>petek, 4. avgust 2023:<\/strong><br>08.30-16.00: finali mnogoboja, M\u0160G in \u017d\u0160G<\/h6>\n\n\n\n<ul class=\"wp-block-list\">\n<li>08.00-11.10: finali mnogoboja ,M\u0160G,<\/li>\n\n\n\n<li>13.30-15.40: finali mnogoboja, \u017d\u0160G.<\/li>\n<\/ul>\n\n\n\n<p><strong>sobota, 5. avgust 2023:<\/strong><br>07.00-16.10: finali po posameznih orodjih, M\u0160G in \u017d\u0160G<\/p>\n\n\n\n<ul class=\"wp-block-list\">\n<li>07.00-07.30: parter M\u0160G,<\/li>\n\n\n\n<li>07.30-08.00: preskok \u017d\u0160G ,<\/li>\n\n\n\n<li>08.00-08.30: konj z ro\u010daji M\u0160G,<\/li>\n\n\n\n<li>8.30-9.00: dvovi\u0161inska bradlja \u017d\u0160G,<\/li>\n\n\n\n<li>9.00-9.30: krogi M\u0160G,<\/li>\n\n\n\n<li>13.00-13.30: preskok M\u0160G,<\/li>\n\n\n\n<li>13.30-14.00: gred \u017d\u0160G,<\/li>\n\n\n\n<li>14.00-14.30: bradlja M\u0160G,<\/li>\n\n\n\n<li>14.30-15.00: parter \u017d\u0160G in<\/li>\n\n\n\n<li>15.00-15.30: drog M\u0160G.<\/li>\n<\/ul>\n\n\n\n<figure class=\"wp-block-image size-large\"><img fetchpriority=\"high\" decoding=\"async\" width=\"1024\" height=\"717\" src=\"https:\/\/www.gimnasticna-zveza.si\/wp-content\/uploads\/2023\/02\/09_sponzorji_gzs_banner_mailchimp_februar-2023-1024x717.jpg\" alt=\"\" class=\"wp-image-5224\" srcset=\"https:\/\/gimnasticna-zveza.si\/wp-content\/uploads\/2023\/02\/09_sponzorji_gzs_banner_mailchimp_februar-2023-1024x717.jpg 1024w, https:\/\/gimnasticna-zveza.si\/wp-content\/uploads\/2023\/02\/09_sponzorji_gzs_banner_mailchimp_februar-2023-300x210.jpg 300w, https:\/\/gimnasticna-zveza.si\/wp-content\/uploads\/2023\/02\/09_sponzorji_gzs_banner_mailchimp_februar-2023-768x537.jpg 768w, https:\/\/gimnasticna-zveza.si\/wp-content\/uploads\/2023\/02\/09_sponzorji_gzs_banner_mailchimp_februar-2023-1536x1075.jpg 1536w, https:\/\/gimnasticna-zveza.si\/wp-content\/uploads\/2023\/02\/09_sponzorji_gzs_banner_mailchimp_februar-2023-2048x1433.jpg 2048w, https:\/\/gimnasticna-zveza.si\/wp-content\/uploads\/2023\/02\/09_sponzorji_gzs_banner_mailchimp_februar-2023-209x146.jpg 209w, https:\/\/gimnasticna-zveza.si\/wp-content\/uploads\/2023\/02\/09_sponzorji_gzs_banner_mailchimp_februar-2023-50x35.jpg 50w, https:\/\/gimnasticna-zveza.si\/wp-content\/uploads\/2023\/02\/09_sponzorji_gzs_banner_mailchimp_februar-2023-107x75.jpg 107w, https:\/\/gimnasticna-zveza.si\/wp-content\/uploads\/2023\/02\/09_sponzorji_gzs_banner_mailchimp_februar-2023-800x560.jpg 800w\" sizes=\"(max-width:767px) 480px, (max-width:1024px) 100vw, 1024px\" \/><\/figure>\n","protected":false},"excerpt":{"rendered":"<p>Konec meseca julija se bo na Kitajskem pri\u010delo najve\u010dje tekmovanje<span class=\"excerpt-hellip\"> [\u2026]<\/span><\/p>\n","protected":false},"author":8,"featured_media":5851,"comment_status":"closed","ping_status":"closed","sticky":false,"template":"","format":"standard","meta":{"_monsterinsights_skip_tracking":false,"_monsterinsights_sitenote_active":false,"_monsterinsights_sitenote_note":"","_monsterinsights_sitenote_category":0,"footnotes":""},"categories":[31,40,39],"tags":[],"class_list":["post-5846","post","type-post","status-publish","format-standard","has-post-thumbnail","hentry","category-gimnastika","category-ritmicna-gimnastika","category-sportna-gimnastika"],"_links":{"self":[{"href":"https:\/\/gimnasticna-zveza.si\/index.php\/wp-json\/wp\/v2\/posts\/5846","targetHints":{"allow":["GET"]}}],"collection":[{"href":"https:\/\/gimnasticna-zveza.si\/index.php\/wp-json\/wp\/v2\/posts"}],"about":[{"href":"https:\/\/gimnasticna-zveza.si\/index.php\/wp-json\/wp\/v2\/types\/post"}],"author":[{"embeddable":true,"href":"https:\/\/gimnasticna-zveza.si\/index.php\/wp-json\/wp\/v2\/users\/8"}],"replies":[{"embeddable":true,"href":"https:\/\/gimnasticna-zveza.si\/index.php\/wp-json\/wp\/v2\/comments?post=5846"}],"version-history":[{"count":1,"href":"https:\/\/gimnasticna-zveza.si\/index.php\/wp-json\/wp\/v2\/posts\/5846\/revisions"}],"predecessor-version":[{"id":5848,"href":"https:\/\/gimnasticna-zveza.si\/index.php\/wp-json\/wp\/v2\/posts\/5846\/revisions\/5848"}],"wp:featuredmedia":[{"embeddable":true,"href":"https:\/\/gimnasticna-zveza.si\/index.php\/wp-json\/wp\/v2\/media\/5851"}],"wp:attachment":[{"href":"https:\/\/gimnasticna-zveza.si\/index.php\/wp-json\/wp\/v2\/media?parent=5846"}],"wp:term":[{"taxonomy":"category","embeddable":true,"href":"https:\/\/gimnasticna-zveza.si\/index.php\/wp-json\/wp\/v2\/categories?post=5846"},{"taxonomy":"post_tag","embeddable":true,"href":"https:\/\/gimnasticna-zveza.si\/index.php\/wp-json\/wp\/v2\/tags?post=5846"}],"curies":[{"name":"wp","href":"https:\/\/api.w.org\/{rel}","templated":true}]}}