{"id":5758,"date":"2023-06-20T16:01:59","date_gmt":"2023-06-20T14:01:59","guid":{"rendered":"https:\/\/www.gimnasticna-zveza.si\/?p=5758"},"modified":"2023-06-20T16:02:02","modified_gmt":"2023-06-20T14:02:02","slug":"tradicionalni-salamunov-memorial-ponovno-v-polnem-obsegu","status":"publish","type":"post","link":"https:\/\/gimnasticna-zveza.si\/index.php\/2023\/06\/20\/tradicionalni-salamunov-memorial-ponovno-v-polnem-obsegu\/","title":{"rendered":"Tradicionalni \u0160alamunov memorial ponovno v polnem obsegu"},"content":{"rendered":"\n<p>Foto: Jure Banfi<\/p>\n\n\n\n<p>Med 22. in 25. junijem 2023 bo v Mariboru, v dvorani Tabor, potekal \u017ee 54. tradicionalni \u0160alamunov memorial. Tekmovanje je organizirano v spomin perspektivnemu telovadcu <strong>Ivanu \u0160alamunu<\/strong>, ki se je leta 1961 pri izvajanju vaje na gibljivi deski ponesre\u010dil. Mednarodno tekmovanje v zadnjih letih skupaj organizirajo trije \u0161portni klubi D\u0160R \u017delezni\u010dar, \u0160D Center Maribor in \u0160D Studenci. \u0160alamunov memorial je znan in priljubljen tudi v \u0161ir\u0161em mednarodnem krogu \u0161portne gimnastike, saj je vrsto let potekal vzporedno s svetovnim pokalom v \u0161portni gimnastiki. Na tekmovanju so se v preteklosti predstavili tudi najbolj\u0161i gimnasti\u010darji, med njimi tudi slovenski gimansti\u010darji <strong>Mitja Petkov\u0161ek<\/strong>, <strong>Alja\u017e Pegan<\/strong> in <strong>Sa\u0161o Bertoncelj<\/strong>.<\/p>\n\n\n\n<p><em>\u00bbLetos bo to \u017ee 54. \u0160alamunov memorial. Veseli smo, da smo po dveh letih premora zaradi epidemije covid-19 \u017ee lani ponovno uspeli izpeljati tekmovanje, vendar v nekoliko manj\u0161em obsegu. Letos pa ponovno pri\u010dakujemo dobro udele\u017ebo. Prijavljenih je ve\u010d kot 250 tekmovalk in tekmovalcev iz kar 12 dr\u017eav. Tekmovanje smo zaradi velike udele\u017ebe prvi\u010d predvideli lo\u010deno po dnevih za dekleta in fante, najbolj\u0161i na posameznih orodjih v mladinski in \u010dlanski kategoriji pa se bodo pomerili hkrati v nedeljo dopoldan,\u00ab<\/em> je pred pri\u010detkom tekmovanja dejala predsednica organizacijskega odbora tekmovanja in direktorica \u0160portnega dru\u0161tva Center Maribor <strong>Jerneja Fi\u0161er Kurnik<\/strong>.<\/p>\n\n\n\n<p>Leto\u0161njega tekmovanja se bo udele\u017eilo 153 tekmovalk in 102 tekmovalcev iz 12 dr\u017eav (Avstrije, Hrva\u0161ke, \u010ce\u0161ke, \u0160panije, Francije, Mad\u017earske, Irske, Kosova, Makedonije, Srbije, Slova\u0161ke in Slovenije). Med Slovenci bosta najvidnej\u0161a tekmovalca v \u010dlanski kategoriji <strong>Luka Bojanc<\/strong> na krogih in <strong>Nikolaj Bo\u017ei\u010d<\/strong> na parterju.<\/p>\n\n\n\n<p>Prva dva dni tekmovanja bosta namenjena \u017eenski \u0161portni gimnastiki. V \u010detrtek se bodo predstavila dekleta v mlaj\u0161ih kategorija, v petek pa bodo nastopile \u0161e mladinke in \u010dlanice. Med mladinkami bodo tekmovale tudi predstavnice Slovenije na preteklem mladinskem Svetovnem prvenstvu v Tur\u010diji <strong>Luana Lubini\u010d<\/strong>, <strong>Luna Babi\u0107<\/strong> in <strong>Vita Prijanovi\u010d<\/strong>. V soboto se bo tekmovanje nadaljevalo v konkurenci mo\u0161ke \u0161portne gimnastike. V nedeljo pa se bodo odvili finalni boji za mo\u0161ko in \u017eensko \u0161portno gimnastiko tako v \u010dlanski kot mladinski kategoriji. Za mladince in mladinke bo to tudi generalka pred doma\u010dim Olimpijskim festivalom evropske mladine, saj bo ravno v dvorani Tabor potekal gimnasti\u010dni del mednarodnega vrhunca za mlaj\u0161e \u0161portnike s pri\u010detkom \u010dez 33 dni.<\/p>\n\n\n\n<p>Vljudno vabljeni!<\/p>\n\n\n\n<p>Ve\u010d informacij najdete <a href=\"https:\/\/www.salamunov-memorial.si\/sl-si\/\">TUKAJ<\/a>. <\/p>\n\n\n\n<p><\/p>\n\n\n\n<p><\/p>\n\n\n\n<p><strong>Urnik tekmovanja:<\/strong><\/p>\n\n\n\n<p><strong>\u010cetrtek, 22. junij 2023:<\/strong><br>10.00 \u2013 16.50: mnogoboj \u017d\u0160G in ekipno tekmovanje<\/p>\n\n\n\n<ul class=\"wp-block-list\">\n<li>10.00 \u2013 11.40: kategorija deklic<\/li>\n\n\n\n<li>12.50 \u2013 16.50: kategorija kadetinj<\/li>\n<\/ul>\n\n\n\n<p><strong>Petek, 23. junij 2023:<\/strong><br>9.30 \u2013 17.10: mnogoboj \u017d\u0160G in ekipno tekmovanje<\/p>\n\n\n\n<ul class=\"wp-block-list\">\n<li>9.30 \u2013 11.40: kategorija mladink<\/li>\n\n\n\n<li>13.00 \u2013 17.10: kategorija \u010dlanic<\/li>\n<\/ul>\n\n\n\n<p><strong>Sobota, 24. junij 2023:<\/strong><br>10.00 \u2013 20.20: mnogoboj M\u0160G in ekipno tekmovanje<\/p>\n\n\n\n<ul class=\"wp-block-list\">\n<li>10.00 \u2013 12.30: kategorija de\u010dki in kadeti<\/li>\n\n\n\n<li>14.10 \u2013 16.20: kategorija mladinci<\/li>\n\n\n\n<li>18.30 \u2013 20.20: kategorija \u010dlanov<\/li>\n<\/ul>\n\n\n\n<p><strong>Nedelja 25. junij 2023:<\/strong><\/p>\n\n\n\n<p>10.00 \u2013 15.00: finali na posameznih orodjih za M\u0160G in \u017d\u0160G; kategorijo mladincev in \u010dlanov<\/p>\n\n\n\n<ul class=\"wp-block-list\">\n<li>10.00 \u2013 12.00: preskok in dvovi\u0161inska bradlja (\u017d\u0160G mladinke in \u010dlanice), parter, konj z ro\u010daji in krogi (M\u0160G mladinci in \u010dlani)<\/li>\n\n\n\n<li>13.00 \u2013 15.00: gred, parter (\u017d\u0160G mladinke in \u010dlanice), preskok, bradlja in drog (M\u0160G mladinci in \u010dlani)<\/li>\n<\/ul>\n\n\n\n<p><\/p>\n\n\n\n<p><\/p>\n\n\n\n<p><\/p>\n\n\n\n<div class=\"wp-block-jetpack-tiled-gallery aligncenter is-style-rectangular\"><div class=\"tiled-gallery__gallery\"><div class=\"tiled-gallery__row\"><div class=\"tiled-gallery__col\" style=\"flex-basis:65.69766%\"><figure class=\"tiled-gallery__item\"><img decoding=\"async\" alt=\"\" data-height=\"1792\" data-id=\"5224\" data-link=\"https:\/\/www.gimnasticna-zveza.si\/09_sponzorji_gzs_banner_mailchimp_februar-2023\/\" data-url=\"https:\/\/www.gimnasticna-zveza.si\/wp-content\/uploads\/2023\/02\/09_sponzorji_gzs_banner_mailchimp_februar-2023-1024x717.jpg\" data-width=\"2560\" src=\"https:\/\/i1.wp.com\/www.gimnasticna-zveza.si\/wp-content\/uploads\/2023\/02\/09_sponzorji_gzs_banner_mailchimp_februar-2023-1024x717.jpg?ssl=1\" data-amp-layout=\"responsive\"\/><\/figure><\/div><div class=\"tiled-gallery__col\" style=\"flex-basis:34.30234%\"><figure class=\"tiled-gallery__item\"><img decoding=\"async\" alt=\"\" data-height=\"1706\" data-id=\"5759\" data-link=\"https:\/\/www.gimnasticna-zveza.si\/?attachment_id=5759\" data-url=\"https:\/\/www.gimnasticna-zveza.si\/wp-content\/uploads\/2023\/06\/SDCenter_SalamunovMemorial_3-6-2022_jurebanfi-0-1024x683.jpg\" data-width=\"2560\" src=\"https:\/\/i2.wp.com\/www.gimnasticna-zveza.si\/wp-content\/uploads\/2023\/06\/SDCenter_SalamunovMemorial_3-6-2022_jurebanfi-0-1024x683.jpg?ssl=1\" data-amp-layout=\"responsive\"\/><\/figure><figure class=\"tiled-gallery__item\"><img decoding=\"async\" alt=\"\" data-height=\"1707\" data-id=\"5763\" data-link=\"https:\/\/www.gimnasticna-zveza.si\/?attachment_id=5763\" data-url=\"https:\/\/www.gimnasticna-zveza.si\/wp-content\/uploads\/2023\/06\/SDCenter_SalamunovMemorial_3-6-2022_jurebanfi-4-1024x683.jpg\" data-width=\"2560\" src=\"https:\/\/i2.wp.com\/www.gimnasticna-zveza.si\/wp-content\/uploads\/2023\/06\/SDCenter_SalamunovMemorial_3-6-2022_jurebanfi-4-1024x683.jpg?ssl=1\" data-amp-layout=\"responsive\"\/><\/figure><\/div><\/div><div class=\"tiled-gallery__row\"><div class=\"tiled-gallery__col\" style=\"flex-basis:40.87249%\"><figure class=\"tiled-gallery__item\"><img decoding=\"async\" alt=\"\" data-height=\"1707\" data-id=\"5767\" data-link=\"https:\/\/www.gimnasticna-zveza.si\/?attachment_id=5767\" data-url=\"https:\/\/www.gimnasticna-zveza.si\/wp-content\/uploads\/2023\/06\/SDCenter_SalamunovMemorial_3-6-2022_jurebanfi-9-1024x683.jpg\" data-width=\"2560\" src=\"https:\/\/i2.wp.com\/www.gimnasticna-zveza.si\/wp-content\/uploads\/2023\/06\/SDCenter_SalamunovMemorial_3-6-2022_jurebanfi-9-1024x683.jpg?ssl=1\" data-amp-layout=\"responsive\"\/><\/figure><\/div><div class=\"tiled-gallery__col\" style=\"flex-basis:18.25502%\"><figure class=\"tiled-gallery__item\"><img decoding=\"async\" alt=\"\" data-height=\"2560\" data-id=\"5769\" data-link=\"https:\/\/www.gimnasticna-zveza.si\/?attachment_id=5769\" data-url=\"https:\/\/www.gimnasticna-zveza.si\/wp-content\/uploads\/2023\/06\/SDCenter_SalamunovMemorial_3-6-2022_jurebanfi-11-683x1024.jpg\" data-width=\"1707\" src=\"https:\/\/i2.wp.com\/www.gimnasticna-zveza.si\/wp-content\/uploads\/2023\/06\/SDCenter_SalamunovMemorial_3-6-2022_jurebanfi-11-683x1024.jpg?ssl=1\" data-amp-layout=\"responsive\"\/><\/figure><\/div><div class=\"tiled-gallery__col\" style=\"flex-basis:40.87249%\"><figure class=\"tiled-gallery__item\"><img decoding=\"async\" alt=\"\" data-height=\"1707\" data-id=\"5773\" data-link=\"https:\/\/www.gimnasticna-zveza.si\/?attachment_id=5773\" data-url=\"https:\/\/www.gimnasticna-zveza.si\/wp-content\/uploads\/2023\/06\/SDCenter_SalamunovMemorial_3-6-2022_jurebanfi-15-1024x683.jpg\" data-width=\"2560\" src=\"https:\/\/i2.wp.com\/www.gimnasticna-zveza.si\/wp-content\/uploads\/2023\/06\/SDCenter_SalamunovMemorial_3-6-2022_jurebanfi-15-1024x683.jpg?ssl=1\" data-amp-layout=\"responsive\"\/><\/figure><\/div><\/div><div class=\"tiled-gallery__row\"><div class=\"tiled-gallery__col\" style=\"flex-basis:50.00000%\"><figure class=\"tiled-gallery__item\"><img decoding=\"async\" alt=\"\" data-height=\"1706\" data-id=\"5779\" data-link=\"https:\/\/www.gimnasticna-zveza.si\/?attachment_id=5779\" data-url=\"https:\/\/www.gimnasticna-zveza.si\/wp-content\/uploads\/2023\/06\/SDCenter_SalamunovMemorial_3-6-2022_jurebanfi-23-1024x683.jpg\" data-width=\"2560\" src=\"https:\/\/i1.wp.com\/www.gimnasticna-zveza.si\/wp-content\/uploads\/2023\/06\/SDCenter_SalamunovMemorial_3-6-2022_jurebanfi-23-1024x683.jpg?ssl=1\" data-amp-layout=\"responsive\"\/><\/figure><\/div><div class=\"tiled-gallery__col\" style=\"flex-basis:50.00000%\"><figure class=\"tiled-gallery__item\"><img decoding=\"async\" alt=\"\" data-height=\"1706\" data-id=\"5780\" data-link=\"https:\/\/www.gimnasticna-zveza.si\/?attachment_id=5780\" data-url=\"https:\/\/www.gimnasticna-zveza.si\/wp-content\/uploads\/2023\/06\/SDCenter_SalamunovMemorial_3-6-2022_jurebanfi-24-1024x683.jpg\" data-width=\"2560\" src=\"https:\/\/i1.wp.com\/www.gimnasticna-zveza.si\/wp-content\/uploads\/2023\/06\/SDCenter_SalamunovMemorial_3-6-2022_jurebanfi-24-1024x683.jpg?ssl=1\" data-amp-layout=\"responsive\"\/><\/figure><\/div><\/div><\/div><\/div>\n\n\n\n<p>Foto: Jure Banfi<\/p>\n","protected":false},"excerpt":{"rendered":"<p>Foto: Jure Banfi Med 22. in 25. junijem 2023 bo<span class=\"excerpt-hellip\"> [\u2026]<\/span><\/p>\n","protected":false},"author":8,"featured_media":5766,"comment_status":"open","ping_status":"open","sticky":false,"template":"","format":"standard","meta":{"_monsterinsights_skip_tracking":false,"_monsterinsights_sitenote_active":false,"_monsterinsights_sitenote_note":"","_monsterinsights_sitenote_category":0,"footnotes":""},"categories":[31,39],"tags":[],"class_list":["post-5758","post","type-post","status-publish","format-standard","has-post-thumbnail","hentry","category-gimnastika","category-sportna-gimnastika"],"_links":{"self":[{"href":"https:\/\/gimnasticna-zveza.si\/index.php\/wp-json\/wp\/v2\/posts\/5758","targetHints":{"allow":["GET"]}}],"collection":[{"href":"https:\/\/gimnasticna-zveza.si\/index.php\/wp-json\/wp\/v2\/posts"}],"about":[{"href":"https:\/\/gimnasticna-zveza.si\/index.php\/wp-json\/wp\/v2\/types\/post"}],"author":[{"embeddable":true,"href":"https:\/\/gimnasticna-zveza.si\/index.php\/wp-json\/wp\/v2\/users\/8"}],"replies":[{"embeddable":true,"href":"https:\/\/gimnasticna-zveza.si\/index.php\/wp-json\/wp\/v2\/comments?post=5758"}],"version-history":[{"count":5,"href":"https:\/\/gimnasticna-zveza.si\/index.php\/wp-json\/wp\/v2\/posts\/5758\/revisions"}],"predecessor-version":[{"id":5786,"href":"https:\/\/gimnasticna-zveza.si\/index.php\/wp-json\/wp\/v2\/posts\/5758\/revisions\/5786"}],"wp:featuredmedia":[{"embeddable":true,"href":"https:\/\/gimnasticna-zveza.si\/index.php\/wp-json\/wp\/v2\/media\/5766"}],"wp:attachment":[{"href":"https:\/\/gimnasticna-zveza.si\/index.php\/wp-json\/wp\/v2\/media?parent=5758"}],"wp:term":[{"taxonomy":"category","embeddable":true,"href":"https:\/\/gimnasticna-zveza.si\/index.php\/wp-json\/wp\/v2\/categories?post=5758"},{"taxonomy":"post_tag","embeddable":true,"href":"https:\/\/gimnasticna-zveza.si\/index.php\/wp-json\/wp\/v2\/tags?post=5758"}],"curies":[{"name":"wp","href":"https:\/\/api.w.org\/{rel}","templated":true}]}}