{"id":5620,"date":"2023-05-18T15:33:46","date_gmt":"2023-05-18T13:33:46","guid":{"rendered":"https:\/\/www.gimnasticna-zveza.si\/?p=5620"},"modified":"2023-05-23T14:17:14","modified_gmt":"2023-05-23T12:17:14","slug":"katji-le-za-las-usla-uvrstitev-med-najboljsih-osem","status":"publish","type":"post","link":"https:\/\/gimnasticna-zveza.si\/index.php\/2023\/05\/18\/katji-le-za-las-usla-uvrstitev-med-najboljsih-osem\/","title":{"rendered":"Katji le za las u\u0161la uvrstitev med najbolj\u0161ih osem"},"content":{"rendered":"\n<p><strong>Danes se je v Bakuju na evropskem prvenstvu v ritmi\u010dni gimnastiki pri\u010delo tekmovanje \u0161e za \u010dlansko kategorijo. Tekmovalke so se predstavile v sestavah z obro\u010dem in \u017eogo. Med slovenkami se je najbolje odrezala Ekaterina Vedeneeva, ki je sestavo z obro\u010dem izvedla z odliko, vendar le za las zgre\u0161ila uvrstitev vi nedeljski finale.<\/strong><\/p>\n\n\n\n<p>V\u010deraj so s svojimi nastopi na evropskem prvenstvu zaklju\u010dile mladinke, danes so boje nadaljevale \u010dlanice, ki se borijo za uvrstitev v finale mnogoboja, finale po posameznem rekvizitu in ekipno razvrstitev. Najbolj\u0161ih 12 ekip bo svoji dr\u017eavi zagotovilo kvote za prihajajo\u010de svetovno prvenstvo v \u0160paniji, ki je tudi kvalifikacijska tekma za uvrstitev na olimpijske igre v Parizu.<\/p>\n\n\n\n<p>Prvo ime Slovenije na tekmovanju je medalistka svetovnega prvenstva <strong>Ekaterina Vedeneeva<\/strong>, ki je odlo\u010dno pri\u010dela to evropsko prvenstvo. Najprej je nastopila z obro\u010dem, kjer je izvedla zelo lepo in \u010disto sestavo ter prejela oceno 31,550, kar jo uvr\u0161\u010da na 9. mesto, s \u010demer je postala prva rezerva. Sestavo z \u017eogo je v pripravljalnem obdobju spremenila in jo je prvi\u010d ob\u010dinstvu predstavila prav na evropskem prvenstvu. V sestavi se ji pripetila ena ve\u010dja napaka (padec \u017eoge), zaradi \u010desar je prejela tudi nekoliko ni\u017ejo oceno 30,400. V sestavi z \u017eogo se je uvrstila na 16. mesto. <em>\u00bbTekmovanja je za danes konec! Vesela sem, da se je tekmovanje za\u010delo. Situacija je zelo napeta. Dvorana je temna, kar ustvarja dodaten stres in ob\u010dutek neprijetnosti. Obro\u010d sem opravila dobro, a previdno, saj je prvi nastop vedno najte\u017eji. Vajo z \u017eogo imam novo in pripetila se mi je napaka. Zdaj se \u017ee osredoto\u010dam na nadaljnje tekmovanje. Jutri grem v boj z novo mo\u010djo! Hvala vsem za podporo!\u00ab<\/em> je dejala <strong>Katja<\/strong> po tekmovanju. Trenutno je v skupnem se\u0161tevku kvalifikacij na 12. mestu, kar je zelo dobra napoved za uvrstitev v finale mnogoboja.<\/p>\n\n\n\n<p>Slovenijo je danes z obro\u010dem zastopala tudi novinka v \u010dlanski kategoriji <strong>Ela Polak<\/strong>, ki je v svojo sestavo izvedla brez ve\u010djih napak. Prejela je oceno 26,300 in se uvrstila 34. mesto. Poleg nje se je za ekipo borila \u0161e <strong>Brigita Kra\u0161ovec<\/strong> v sestavi z \u017eogo, za katero je to prvo evropsko prvenstvo v \u010dlanski kategoriji. Sestavo je izvedla z eno ve\u010djo napako (padec \u017eoge), vendar se z oceno 28,200 uvrstila na 25. mesto. <em>\u00bb<strong>Elina<\/strong> vaja je sicer bila narejena brez ve\u010djih napak, vendar je izvedla kar nekaj neto\u010dnosti. Prisoten je bil strah in upamo, da je danes prebila led ter bo jutri vajo s trakom izvedla kot jo zna. <strong>Brigita<\/strong> je \u017eal izvedla neuspe\u0161no vajo, pripetila se ji je velika napaka, kljub temu, da je to njen bolj\u0161i rekvizit. Jutri jo \u010dakajo kiji, za katere upam, da bodo izvedeni brez napake. S tekmovanjem smo zaenkrat zadovoljni, vendar moramo jutri popraviti dana\u0161nje napake,\u00ab<\/em> je dejala trenerka <strong>Ana Kokalj<\/strong>, ki dekleti spremlja na tekmovanju.<\/p>\n\n\n\n<p>Najbolje se je v kvalifikacijah z obro\u010dem odrezala <strong>Ukrajinka<\/strong> <strong>Viktoriia Onopriienko <\/strong>(ocena 33,650) in z \u017eogo <strong>Bolgarka Stiliana Nikolova.<\/strong> <\/p>\n\n\n\n<p>Jutri se kvalifikacije nadaljuje s kiji in trakom. <strong>Ekaterina Vedeneeva <\/strong>bo tekmovala z obema rekvizitoma, <strong>Brigita Kra\u0161ovec<\/strong> s kiji in <strong>Ela Polak<\/strong> s trakom. Cilj slovenske delegacije je ekipna uvrstitev (se\u0161tevek vseh osmih sestav) do 12. mesta. Po prvem dnevu tekmovanja so skupno zbrale 116,450 to\u010dk in se trenutno uvr\u0161\u010dajo med najbolj\u0161ih 12 ekip glede na se\u0161tevek \u0161tirih sestav.<\/p>\n\n\n\n<figure class=\"wp-block-image size-large\"><img fetchpriority=\"high\" decoding=\"async\" width=\"1024\" height=\"717\" src=\"https:\/\/www.gimnasticna-zveza.si\/wp-content\/uploads\/2023\/02\/09_sponzorji_gzs_banner_mailchimp_februar-2023-1024x717.jpg\" alt=\"\" class=\"wp-image-5224\" srcset=\"https:\/\/gimnasticna-zveza.si\/wp-content\/uploads\/2023\/02\/09_sponzorji_gzs_banner_mailchimp_februar-2023-1024x717.jpg 1024w, https:\/\/gimnasticna-zveza.si\/wp-content\/uploads\/2023\/02\/09_sponzorji_gzs_banner_mailchimp_februar-2023-300x210.jpg 300w, https:\/\/gimnasticna-zveza.si\/wp-content\/uploads\/2023\/02\/09_sponzorji_gzs_banner_mailchimp_februar-2023-768x537.jpg 768w, https:\/\/gimnasticna-zveza.si\/wp-content\/uploads\/2023\/02\/09_sponzorji_gzs_banner_mailchimp_februar-2023-1536x1075.jpg 1536w, https:\/\/gimnasticna-zveza.si\/wp-content\/uploads\/2023\/02\/09_sponzorji_gzs_banner_mailchimp_februar-2023-2048x1433.jpg 2048w, https:\/\/gimnasticna-zveza.si\/wp-content\/uploads\/2023\/02\/09_sponzorji_gzs_banner_mailchimp_februar-2023-209x146.jpg 209w, https:\/\/gimnasticna-zveza.si\/wp-content\/uploads\/2023\/02\/09_sponzorji_gzs_banner_mailchimp_februar-2023-50x35.jpg 50w, https:\/\/gimnasticna-zveza.si\/wp-content\/uploads\/2023\/02\/09_sponzorji_gzs_banner_mailchimp_februar-2023-107x75.jpg 107w, https:\/\/gimnasticna-zveza.si\/wp-content\/uploads\/2023\/02\/09_sponzorji_gzs_banner_mailchimp_februar-2023-800x560.jpg 800w\" sizes=\"(max-width:767px) 480px, (max-width:1024px) 100vw, 1024px\" \/><\/figure>\n","protected":false},"excerpt":{"rendered":"<p>Danes se je v Bakuju na evropskem prvenstvu v ritmi\u010dni<span class=\"excerpt-hellip\"> [\u2026]<\/span><\/p>\n","protected":false},"author":8,"featured_media":5621,"comment_status":"closed","ping_status":"closed","sticky":false,"template":"","format":"standard","meta":{"_monsterinsights_skip_tracking":false,"_monsterinsights_sitenote_active":false,"_monsterinsights_sitenote_note":"","_monsterinsights_sitenote_category":0,"footnotes":""},"categories":[34,31,40,28],"tags":[],"class_list":["post-5620","post","type-post","status-publish","format-standard","has-post-thumbnail","hentry","category-fig-in-ueg","category-gimnastika","category-ritmicna-gimnastika","category-vrhunski-sport"],"_links":{"self":[{"href":"https:\/\/gimnasticna-zveza.si\/index.php\/wp-json\/wp\/v2\/posts\/5620","targetHints":{"allow":["GET"]}}],"collection":[{"href":"https:\/\/gimnasticna-zveza.si\/index.php\/wp-json\/wp\/v2\/posts"}],"about":[{"href":"https:\/\/gimnasticna-zveza.si\/index.php\/wp-json\/wp\/v2\/types\/post"}],"author":[{"embeddable":true,"href":"https:\/\/gimnasticna-zveza.si\/index.php\/wp-json\/wp\/v2\/users\/8"}],"replies":[{"embeddable":true,"href":"https:\/\/gimnasticna-zveza.si\/index.php\/wp-json\/wp\/v2\/comments?post=5620"}],"version-history":[{"count":3,"href":"https:\/\/gimnasticna-zveza.si\/index.php\/wp-json\/wp\/v2\/posts\/5620\/revisions"}],"predecessor-version":[{"id":5671,"href":"https:\/\/gimnasticna-zveza.si\/index.php\/wp-json\/wp\/v2\/posts\/5620\/revisions\/5671"}],"wp:featuredmedia":[{"embeddable":true,"href":"https:\/\/gimnasticna-zveza.si\/index.php\/wp-json\/wp\/v2\/media\/5621"}],"wp:attachment":[{"href":"https:\/\/gimnasticna-zveza.si\/index.php\/wp-json\/wp\/v2\/media?parent=5620"}],"wp:term":[{"taxonomy":"category","embeddable":true,"href":"https:\/\/gimnasticna-zveza.si\/index.php\/wp-json\/wp\/v2\/categories?post=5620"},{"taxonomy":"post_tag","embeddable":true,"href":"https:\/\/gimnasticna-zveza.si\/index.php\/wp-json\/wp\/v2\/tags?post=5620"}],"curies":[{"name":"wp","href":"https:\/\/api.w.org\/{rel}","templated":true}]}}