{"id":5460,"date":"2023-03-31T13:56:50","date_gmt":"2023-03-31T11:56:50","guid":{"rendered":"https:\/\/www.gimnasticna-zveza.si\/?p=5460"},"modified":"2023-03-31T13:56:53","modified_gmt":"2023-03-31T11:56:53","slug":"mladinke-na-svetovnem-prvenstvu-pokazale-ekipni-duh-in-bojevito-naravo","status":"publish","type":"post","link":"https:\/\/gimnasticna-zveza.si\/index.php\/2023\/03\/31\/mladinke-na-svetovnem-prvenstvu-pokazale-ekipni-duh-in-bojevito-naravo\/","title":{"rendered":"Mladinke na svetovnem prvenstvu pokazale ekipni duh in bojevito naravo"},"content":{"rendered":"\n<p><strong>V\u010deraj so v Tur\u010diji na mladinskem svetovnem prvenstvu z kvalifikacijami pri\u010dele tudi mladinke, med katerimi je Slovenija imela tri predstavnice. Za vsa tri dekleta je bila to prva velika tekma v mladinski kategoriji, saj so z leto\u0161njim letom prestopile iz mlaj\u0161e kategorije v mladinsko kategorijo.<\/strong><\/p>\n\n\n\n<p>Najbolje se je v mnogoboju odrezala <strong>Vita Prijanovi\u010d<\/strong>, ki je s skupno 43,632 to\u010dkami zasedla 71. mesto. Najbolj\u0161o mesto je zasedla na gredi, kjer je z oceno 10,833 osvojila 54. mesto. <em>\u00bbS tekmo sem zelo zadovoljna, glede na to, da je bila to moja prva ve\u010dja tekma in je potekala nekoliko druga\u010de kot pa tekme, na katere hodimo po navadi. Na tekmovanju sem zelo u\u017eivala in prepri\u010dana sem, da mi bo ostala v lepem spominu. Upam, da bom imela \u0161e kdaj mo\u017enost za udele\u017ebo na tako velikem tekmovanju,\u00ab <\/em>je dejala <strong>Vita<\/strong> po tekmovanju. Na preskoku je prejela 12,133 oceno, parterju 10,733 (88. mesto) in na dvovi\u0161inski bradlji 9,933 (78. mesto).<\/p>\n\n\n\n<p>Le 0,300 to\u010dk za njo je bila v mnogoboju <strong>Luana Lubini\u010d<\/strong>, ki je zasedla 73. mesto (43,432 to\u010dk). <strong>Luana<\/strong> je poskrbela za najbolj\u0161o uvrstitev med Slovenkami, saj je na gredi z oceno 11.033 zasedla 50. mesto. <strong>Luana<\/strong> je bila po tekmovanju vidno zadovoljna:<em> \u00bbTa tekma je bila zelo dobra in zanimiva izku\u0161nja. Na tekmovanju sem neizmerno u\u017eivala in upam, da bom \u0161e kdaj do\u017eivela take ob\u010dutke, kot sem jih do\u017eivela sedaj. S svojima reprezentan\u010dnima sotekmovalkam sem se zelo dobro razumela in bilo mi je v veselje, da smo lahko skupaj tekmovale.\u00ab<\/em> <strong>Luana<\/strong> je na preskoku osvojila oceno 11,966, na parterju 10,500 (99. mesto) in na dvovi\u0161inski bradlji 9,933 (79. mesto).<\/p>\n\n\n\n<p>Kot 98. je mnogoboj kon\u010dala <strong>Luna Babi\u0107<\/strong>, ki je skupno zbrala 41,431 to\u010dk. Najbolje se je odrezala na njenem najljub\u0161em orodju, dvovi\u0161inski bradlji, kjer je prejela oceno 10,433 in zasedla 67. mesto. Na parterju je prejela oceno 10,866 (82. mesto), na gredi 8,466 (118. mesto) in na preskoku 11,666. <em>\u00bbMoji ob\u010dutki na tekmi so bili zelo dobri, zelo sem u\u017eivala in se zabavala. V meni se je prebudil nek nov ob\u010dutek, ko smo stopile skozi hodnik na tekmovalno prizori\u0161\u010de, ko smo stale na parterju in kazale vaje. S prikazanimi nastopi sicer nisem najbolj zadovoljna, saj vem, da bi lahko bile nekatere stvari bolj\u0161e, ampak je bila to ena zelo dobra in lepa izku\u0161nja, katere ne bom pozabila. Z dekletoma sem se zelo dobro razumela, med seboj smo se spodbujale in si pomagale,\u00ab<\/em> je bila zadovoljna <strong>Luna<\/strong> po tekmovanju.<\/p>\n\n\n\n<p>Kot ekipa so Slovenke zbrale 87,930 to\u010dk in zasedle 28. mesto. Naslova svetovnih prvakov v mladinski kategoriji so v \u017eenski \u0161portni gimnastiki osvojile Japonke (104,230 to\u010dk), druge so bile Ameri\u010danke (102,198 to\u010dk), bron pa je pripadel Italijankam (101,966 to\u010dk). V mo\u0161ki \u0161portni gimnastiki so se naslova veselili prav tako Japonci, ki so skupaj zbrali 164,831 to\u010dk, drugo uvr\u0161\u010deni Kitajci so za Japonci zaostajali za ve\u010d kot 3,000 to\u010dke (161,229). Tretje mesto pa so prav tako zasedli Italijani (159,598 to\u010dk).<\/p>\n\n\n\n<p><em>\u00bbZa nami je prvo ve\u010dje tekmovanje, tako za dekleta kot zame. Dekleta so zelo dobro opravila svoje delo, le Luna je imel na gredi nekoliko slab\u0161i nastop. Vsi ostali nastopi na vseh orodjih so bili korektno izvedeni. Moram priznati, da sem zelo zadovoljna z njihovo tekmo, z njihovim obna\u0161anjem in pristopom do dela. Ko bomo dodali \u0161e malo te\u017eavnosti, se mi zdi, da se za prihodnost te ekipe ni za bati. Po tej prvi ve\u010dji izku\u0161nji iz ve\u010djih tekmovanj so na\u0161e misli sedaj usmerjene na drugo ve\u010dje tekmovanje v tej sezoni, to je Olimpijski festival evropske. Upam, da bomo z bolj\u0161imi in te\u017ejimi vajami na OFEM uspeli \u0161e nadgraditi na\u0161 rezultat,\u00ab <\/em>je bila po tekmovanju zadovoljna vodja slovenske delegacije v Tur\u010diji <strong>Vesna Stavrev.<\/strong><\/p>\n\n\n\n<p>Mladinsko izbrano vrsto \u010daka v juliju \u0161e druga ve\u010dja preizku\u0161nja na doma\u010dem Olimpijski festival evropske mladine v Mariboru.<\/p>\n\n\n\n<div class=\"wp-block-jetpack-tiled-gallery aligncenter is-style-columns\"><div class=\"tiled-gallery__gallery\"><div class=\"tiled-gallery__row\"><div class=\"tiled-gallery__col\" style=\"flex-basis:18.91457%\"><figure class=\"tiled-gallery__item\"><img decoding=\"async\" alt=\"\" data-height=\"1772\" data-id=\"5465\" data-link=\"https:\/\/www.gimnasticna-zveza.si\/?attachment_id=5465\" data-url=\"https:\/\/www.gimnasticna-zveza.si\/wp-content\/uploads\/2023\/03\/WhatsApp-Image-2023-03-28-at-13.55.34-866x1024.jpeg\" data-width=\"1499\" src=\"https:\/\/i1.wp.com\/www.gimnasticna-zveza.si\/wp-content\/uploads\/2023\/03\/WhatsApp-Image-2023-03-28-at-13.55.34-866x1024.jpeg?ssl=1\" data-amp-layout=\"responsive\"\/><\/figure><figure class=\"tiled-gallery__item\"><img decoding=\"async\" alt=\"\" data-height=\"1368\" data-id=\"5464\" data-link=\"https:\/\/www.gimnasticna-zveza.si\/?attachment_id=5464\" data-url=\"https:\/\/www.gimnasticna-zveza.si\/wp-content\/uploads\/2023\/03\/6-1024x768.jpeg\" data-width=\"1824\" src=\"https:\/\/i1.wp.com\/www.gimnasticna-zveza.si\/wp-content\/uploads\/2023\/03\/6-1024x768.jpeg?ssl=1\" data-amp-layout=\"responsive\"\/><\/figure><\/div><div class=\"tiled-gallery__col\" style=\"flex-basis:28.56244%\"><figure class=\"tiled-gallery__item\"><img decoding=\"async\" alt=\"\" data-height=\"1798\" data-id=\"5462\" data-link=\"https:\/\/www.gimnasticna-zveza.si\/?attachment_id=5462\" data-url=\"https:\/\/www.gimnasticna-zveza.si\/wp-content\/uploads\/2023\/03\/2-793x1024.jpeg\" data-width=\"1392\" src=\"https:\/\/i0.wp.com\/www.gimnasticna-zveza.si\/wp-content\/uploads\/2023\/03\/2-793x1024.jpeg?ssl=1\" data-amp-layout=\"responsive\"\/><\/figure><\/div><div class=\"tiled-gallery__col\" style=\"flex-basis:52.52300%\"><figure class=\"tiled-gallery__item\"><img decoding=\"async\" alt=\"\" data-height=\"1792\" data-id=\"5224\" data-link=\"https:\/\/www.gimnasticna-zveza.si\/09_sponzorji_gzs_banner_mailchimp_februar-2023\/\" data-url=\"https:\/\/www.gimnasticna-zveza.si\/wp-content\/uploads\/2023\/02\/09_sponzorji_gzs_banner_mailchimp_februar-2023-1024x717.jpg\" data-width=\"2560\" src=\"https:\/\/i1.wp.com\/www.gimnasticna-zveza.si\/wp-content\/uploads\/2023\/02\/09_sponzorji_gzs_banner_mailchimp_februar-2023-1024x717.jpg?ssl=1\" data-amp-layout=\"responsive\"\/><\/figure><\/div><\/div><\/div><\/div>\n","protected":false},"excerpt":{"rendered":"<p>V\u010deraj so v Tur\u010diji na mladinskem svetovnem prvenstvu z kvalifikacijami<span class=\"excerpt-hellip\"> [\u2026]<\/span><\/p>\n","protected":false},"author":8,"featured_media":5463,"comment_status":"closed","ping_status":"closed","sticky":false,"template":"","format":"standard","meta":{"_monsterinsights_skip_tracking":false,"_monsterinsights_sitenote_active":false,"_monsterinsights_sitenote_note":"","_monsterinsights_sitenote_category":0,"footnotes":""},"categories":[34,31,39],"tags":[],"class_list":["post-5460","post","type-post","status-publish","format-standard","has-post-thumbnail","hentry","category-fig-in-ueg","category-gimnastika","category-sportna-gimnastika"],"_links":{"self":[{"href":"https:\/\/gimnasticna-zveza.si\/index.php\/wp-json\/wp\/v2\/posts\/5460","targetHints":{"allow":["GET"]}}],"collection":[{"href":"https:\/\/gimnasticna-zveza.si\/index.php\/wp-json\/wp\/v2\/posts"}],"about":[{"href":"https:\/\/gimnasticna-zveza.si\/index.php\/wp-json\/wp\/v2\/types\/post"}],"author":[{"embeddable":true,"href":"https:\/\/gimnasticna-zveza.si\/index.php\/wp-json\/wp\/v2\/users\/8"}],"replies":[{"embeddable":true,"href":"https:\/\/gimnasticna-zveza.si\/index.php\/wp-json\/wp\/v2\/comments?post=5460"}],"version-history":[{"count":2,"href":"https:\/\/gimnasticna-zveza.si\/index.php\/wp-json\/wp\/v2\/posts\/5460\/revisions"}],"predecessor-version":[{"id":5466,"href":"https:\/\/gimnasticna-zveza.si\/index.php\/wp-json\/wp\/v2\/posts\/5460\/revisions\/5466"}],"wp:featuredmedia":[{"embeddable":true,"href":"https:\/\/gimnasticna-zveza.si\/index.php\/wp-json\/wp\/v2\/media\/5463"}],"wp:attachment":[{"href":"https:\/\/gimnasticna-zveza.si\/index.php\/wp-json\/wp\/v2\/media?parent=5460"}],"wp:term":[{"taxonomy":"category","embeddable":true,"href":"https:\/\/gimnasticna-zveza.si\/index.php\/wp-json\/wp\/v2\/categories?post=5460"},{"taxonomy":"post_tag","embeddable":true,"href":"https:\/\/gimnasticna-zveza.si\/index.php\/wp-json\/wp\/v2\/tags?post=5460"}],"curies":[{"name":"wp","href":"https:\/\/api.w.org\/{rel}","templated":true}]}}