{"id":5426,"date":"2023-03-28T16:15:43","date_gmt":"2023-03-28T14:15:43","guid":{"rendered":"https:\/\/www.gimnasticna-zveza.si\/?p=5426"},"modified":"2023-03-28T16:15:46","modified_gmt":"2023-03-28T14:15:46","slug":"mladinke-pred-prvim-vrhom-letosnje-sezone","status":"publish","type":"post","link":"https:\/\/gimnasticna-zveza.si\/index.php\/2023\/03\/28\/mladinke-pred-prvim-vrhom-letosnje-sezone\/","title":{"rendered":"Mladinke pred prvim vrhom leto\u0161nje sezone"},"content":{"rendered":"\n<p>Jutri, 29. marca 2023, se bo v tur\u0161ki Antalyi pri\u010delo Mladinsko svetovno prvenstvo v mo\u0161ki in \u017eenski \u0161portni gimnastiki, ki bo za mladince potekalo drugi\u010d. Na prvi izvedbi tovrstnega tekmovanja je Slovenija imel predstavnico med mladinkami, Zalo Bedenik, ki je v mnogoboju zasedla 66. mesto.<\/p>\n\n\n\n<p>Gimnasti\u010darji in gimnasti\u010darke se bodo borili za naslove najbolj\u0161ih mladincev po posameznem orodju, v finalu mnogoboja in v ekipnem tekmovanju. Na tekmovanju se bo predstavilo 285 tekmovalcev iz 65 dr\u017eav.<\/p>\n\n\n\n<p>V \u017eenski konkurenci se bodo na\u0161e tekmovalke pomerile v konkurenci 142 tekmovalk. Slovenijo bodo zastopale <strong>Luna Babi\u0107, Luana Lubini\u010d<\/strong> in <strong>Vita Prijanovi\u010d.<\/strong> Vse tri tekmovalke so v leto\u0161njem letu prestopile iz mlaj\u0161e kategorije v mladinsko kategorijo. Za vse tri tekmovalke bo to tudi prva velika tekma tak\u0161nega obsega. Dekleta se bodo predstavile v \u010detrtkovih kvalifikacijah v podskupini \u0161tiri. <em>\u00bbOd svetovnega prvenstva pri\u010dakujem, da bo to zame lepa izku\u0161nja. To je moja prva tako velika tekma. \u017delim si, da bom tekmovala dobro. Ob prihodu na tekmovanje bomo imeli najprej trening, kjer se bomo lahko dodobra spoznali s tekmovalno dvorano in drugimi tekmovalkami, za katere si \u017eelim, da se bomo dobro razumele,\u00ab <\/em>je pred odhodom dejala <strong>Luna<\/strong>, ki se neizmerno veseli svojega nastop na njenem najljub\u0161em orodju bradlja. Dekleta bodo rotacijo pri\u010dele na parterju. <strong>Luana<\/strong>, katere najljub\u0161e orodje je preskok, si \u017eeli izvesti \u010dim \u010distej\u0161e vaje: \u00bb<em>Od svetovnega prvenstva pri\u010dakujem, da bom imela nanj lepe spomine in da bomo nabrali nove izku\u0161nje. Svoji ekipi \u017eelim \u010dim bolj\u0161i ekipni rezultat. Moj cilj pa je, da tekmovanje izpeljem brez padca in brez ve\u010djih napak<\/em>.\u00ab Kot prva slovenka bo v \u010detrtkovih kvalifikacijah nastopila <strong>Vita<\/strong>: <em>\u00bbZelo sem vesela, da se bom lahko udele\u017eila svetovnega prvenstva. Pri\u010dakujem, da bom vaje izvedla najbolje kar znam in bom potem tudi zadovoljna z rezultatom. Predvsem pa upam, da bom na tekmovanju u\u017eivala in da se bomo skupaj z Luno in Luano imeli lepo<\/em>.\u00ab<\/p>\n\n\n\n<p>Dobrega ekipnega duha si \u017eeli tudi vodja delegacije <strong>Vesna Stavrev<\/strong>, ki bo na tekmovanju spremljala dekleta: <em>\u00bbGlede na to, da bodo tri mlada dekleta prvi\u010d tekmovala v mladinski kategoriji na tako veliki tekmi, od njih pri\u010dakujem, da bodo delovale kot ekipa. Da se bodo podpirale, medsebojno sodelovale in skupaj prestale za\u010detno tremo, ki jo prinese svetovno prvenstvo. \u017delim si, da bi se ta ekipni duh odra\u017eal tudi na njihovih nastopih. Cilj je narediti vaje brez ve\u010djih napak in se na koncu veseliti uspe\u0161ne tekme.\u00ab<\/em><\/p>\n\n\n\n<p><em>\u00bbMladinska ekipa je od\u0161la na svoje prvo ve\u010dje tekmovanje, mladinsko svetovno prvenstvo. Veseli smo, da smo uspeli sestaviti tako ekipo, kjer so dekleta dobro pripravljene in so na tekmovanje pri\u0161le brez nekih te\u017eav ter po\u0161kodb. \u017delimo si, da bodo svoje vaje izvedle brez napak in se pribli\u017eale rezultatu okoli 45,000 to\u010dk, s \u010demer bi bili zelo zadovoljni. Rezultatsko pa trenutno nimamo \u0161e nekih ciljev, saj je to njihova prva velika tekma. Reprezentantkam \u017eelim veliko sre\u010de v Tur\u010diji,\u00ab<\/em> je povedal Andrej Mavri\u010d, vodja reprezentanc v \u017eenski \u0161portni gimnastiki.<\/p>\n\n\n\n<p><\/p>\n\n\n\n<h5 class=\"wp-block-heading\"><img decoding=\"async\" style=\"\" src=\"\">Slovenska mladinska reprezentanca:<\/h5>\n\n\n\n<ul class=\"wp-block-list\">\n<li>Luna Babi\u0107<\/li>\n\n\n\n<li>Luana Lubini\u010d<\/li>\n\n\n\n<li>Vita Prijanovi\u010d<\/li>\n<\/ul>\n\n\n\n<p><\/p>\n\n\n\n<blockquote class=\"wp-block-quote is-layout-flow wp-block-quote-is-layout-flow\">\n<p class=\"has-text-align-center\">Rezultate lahko spremljate <a href=\"https:\/\/live.fig-gymnastics.com\/schedule.php?idevent=17242\">TUKAJ<\/a>.<br>Ve\u010d informacij najdete <a href=\"https:\/\/www.tcf.gov.tr\/2nd-fig-artistic-gymnastics-junior-world-championships\/\">TUKAJ<\/a>.<\/p>\n<\/blockquote>\n\n\n\n<h5 class=\"wp-block-heading\">URNIK TEKMOVANJA<\/h5>\n\n\n\n<p><strong>Sreda, 29. marec 2023:<\/strong><br>07.30-19.30: kvalifikacije za M\u0160G in ekipno tekmovanje<br>08.00-10.15: podskupina 1,<br>11.15-13.30: podskupina 2,<br>14.00-16.15: podskupina 3,<br>17.15-19.30: podskupina 4,<\/p>\n\n\n\n<p><strong>\u010cetrtek, 30. marec 2023:<\/strong><br>08.00-20.15: kvalifikacije za \u017d\u0160G in ekipno tekmovanje<br>08.00-09.45: podskupina 1,<br>10.00-11.45: podskupina 2,<br>12.15-14.00:podskupina 3,<br>14.15-16.00: podskupina 4 <strong>(Slovenija),<\/strong><br>16.30-18.15: podskupina 5,<br>18.30-20.15: podskupina 6.<\/p>\n\n\n\n<p><strong>Petek, 31. marec 2023:<\/strong><br>12.30-15.30: finale mnogoboja za M\u0160G<br>17.00-19.30: finale mnogoboja za \u017d\u0160G<\/p>\n\n\n\n<p><strong>Sobota, 1. april 2023:<\/strong><br>12.00-16.00: finali za parter M\u0160G, preskok \u017d\u0160G, konj z ro\u010daji M\u0160G, dvovi\u0161inska bradlja \u017d\u0160G, krogi M\u0160G<\/p>\n\n\n\n<p><strong>Nedelja, 2. april 2023<\/strong><br>12.00-16.00: preskok M\u0160G, gred \u017d\u0160G, bradlja M\u0160G, parter \u017d\u0160G, drog M\u0160G<\/p>\n\n\n\n<div class=\"wp-block-jetpack-tiled-gallery aligncenter is-style-rectangular\"><div class=\"tiled-gallery__gallery\"><div class=\"tiled-gallery__row\"><div class=\"tiled-gallery__col\" style=\"flex-basis:61.45329%\"><figure class=\"tiled-gallery__item\"><img decoding=\"async\" alt=\"\" data-height=\"1644\" data-id=\"5427\" data-link=\"https:\/\/www.gimnasticna-zveza.si\/?attachment_id=5427\" data-url=\"https:\/\/www.gimnasticna-zveza.si\/wp-content\/uploads\/2023\/03\/1-1-934x1024.jpg\" data-width=\"1500\" src=\"https:\/\/i1.wp.com\/www.gimnasticna-zveza.si\/wp-content\/uploads\/2023\/03\/1-1-934x1024.jpg?ssl=1\" data-amp-layout=\"responsive\"\/><\/figure><\/div><div class=\"tiled-gallery__col\" style=\"flex-basis:38.54671%\"><figure class=\"tiled-gallery__item\"><img decoding=\"async\" alt=\"\" data-height=\"1247\" data-id=\"5428\" data-link=\"https:\/\/www.gimnasticna-zveza.si\/?attachment_id=5428\" data-url=\"https:\/\/www.gimnasticna-zveza.si\/wp-content\/uploads\/2023\/03\/4-985x1024.jpg\" data-width=\"1200\" src=\"https:\/\/i2.wp.com\/www.gimnasticna-zveza.si\/wp-content\/uploads\/2023\/03\/4-985x1024.jpg?ssl=1\" data-amp-layout=\"responsive\"\/><\/figure><figure class=\"tiled-gallery__item\"><img decoding=\"async\" alt=\"\" data-height=\"1792\" data-id=\"5224\" data-link=\"https:\/\/www.gimnasticna-zveza.si\/09_sponzorji_gzs_banner_mailchimp_februar-2023\/\" data-url=\"https:\/\/www.gimnasticna-zveza.si\/wp-content\/uploads\/2023\/02\/09_sponzorji_gzs_banner_mailchimp_februar-2023-1024x717.jpg\" data-width=\"2560\" src=\"https:\/\/i1.wp.com\/www.gimnasticna-zveza.si\/wp-content\/uploads\/2023\/02\/09_sponzorji_gzs_banner_mailchimp_februar-2023-1024x717.jpg?ssl=1\" data-amp-layout=\"responsive\"\/><\/figure><\/div><\/div><\/div><\/div>\n","protected":false},"excerpt":{"rendered":"<p>Jutri, 29. marca 2023, se bo v tur\u0161ki Antalyi pri\u010delo<span class=\"excerpt-hellip\"> [\u2026]<\/span><\/p>\n","protected":false},"author":8,"featured_media":5432,"comment_status":"closed","ping_status":"closed","sticky":false,"template":"","format":"standard","meta":{"_monsterinsights_skip_tracking":false,"_monsterinsights_sitenote_active":false,"_monsterinsights_sitenote_note":"","_monsterinsights_sitenote_category":0,"footnotes":""},"categories":[34,35,39],"tags":[],"class_list":["post-5426","post","type-post","status-publish","format-standard","has-post-thumbnail","hentry","category-fig-in-ueg","category-mladinski-sport","category-sportna-gimnastika"],"_links":{"self":[{"href":"https:\/\/gimnasticna-zveza.si\/index.php\/wp-json\/wp\/v2\/posts\/5426","targetHints":{"allow":["GET"]}}],"collection":[{"href":"https:\/\/gimnasticna-zveza.si\/index.php\/wp-json\/wp\/v2\/posts"}],"about":[{"href":"https:\/\/gimnasticna-zveza.si\/index.php\/wp-json\/wp\/v2\/types\/post"}],"author":[{"embeddable":true,"href":"https:\/\/gimnasticna-zveza.si\/index.php\/wp-json\/wp\/v2\/users\/8"}],"replies":[{"embeddable":true,"href":"https:\/\/gimnasticna-zveza.si\/index.php\/wp-json\/wp\/v2\/comments?post=5426"}],"version-history":[{"count":6,"href":"https:\/\/gimnasticna-zveza.si\/index.php\/wp-json\/wp\/v2\/posts\/5426\/revisions"}],"predecessor-version":[{"id":5437,"href":"https:\/\/gimnasticna-zveza.si\/index.php\/wp-json\/wp\/v2\/posts\/5426\/revisions\/5437"}],"wp:featuredmedia":[{"embeddable":true,"href":"https:\/\/gimnasticna-zveza.si\/index.php\/wp-json\/wp\/v2\/media\/5432"}],"wp:attachment":[{"href":"https:\/\/gimnasticna-zveza.si\/index.php\/wp-json\/wp\/v2\/media?parent=5426"}],"wp:term":[{"taxonomy":"category","embeddable":true,"href":"https:\/\/gimnasticna-zveza.si\/index.php\/wp-json\/wp\/v2\/categories?post=5426"},{"taxonomy":"post_tag","embeddable":true,"href":"https:\/\/gimnasticna-zveza.si\/index.php\/wp-json\/wp\/v2\/tags?post=5426"}],"curies":[{"name":"wp","href":"https:\/\/api.w.org\/{rel}","templated":true}]}}