{"id":5396,"date":"2023-03-14T13:58:48","date_gmt":"2023-03-14T11:58:48","guid":{"rendered":"https:\/\/www.gimnasticna-zveza.si\/?p=5396"},"modified":"2023-03-14T15:33:49","modified_gmt":"2023-03-14T13:33:49","slug":"katja-suvereno-pricela-z-uvodno-tekmo-sezone","status":"publish","type":"post","link":"https:\/\/gimnasticna-zveza.si\/index.php\/2023\/03\/14\/katja-suvereno-pricela-z-uvodno-tekmo-sezone\/","title":{"rendered":"Katja suvereno pri\u010dela z uvodno tekmo sezone"},"content":{"rendered":"\n<p><strong>Marbella, 12. marca \u2013 Na tekmovanju Velike nagrade Marbella se je bronasta medalistka z lanskega svetovnega prvenstva Katja uvrstila v tri finale in v sestavi s trakom le za 0,250 zgre\u0161ila uvrstitev na stopni\u010dke.<\/strong><\/p>\n\n\n\n<p><strong>Ekaterina Vedeneeva<\/strong> je v lanski sezoni premikala mejnike slovenske ritmi\u010dne gimnastike. Osvojila je prvo zgodovinsko medaljo na svetovnem prvenstvu za Slovenijo. Poleg tega je osvojila tudi medaljo na svetovnih igrah, se uvrstila v vsa finalna tekmovanja na evropskem prvenstvu in zasedla zgodovinsko 4. mesto ter v kon\u010dnem skupnem se\u0161tevku svetovnih pokalov v sestavi s trakom zasedla najvi\u0161je mesto.<\/p>\n\n\n\n<p>Za prvo tekmovanje v sezoni si je izbrala Veliko nagrado Marbella, \u0160panija, ki je potekala od 11. do 12. marca 2023. V soboto so se tekmovalke pomerile v mnogoboju, kjer je <strong>Katja<\/strong> skupno zbrala 129,950 to\u010dk in zasedla 6. mesto. Najbolj\u0161e se je odrezala v sestavi s kiji, kjer je prejela oceno 32,150 in se uvrstila v nedeljski finale. V finale se je uvrstila tudi z obro\u010dem in trakom. V \u017eogi pa se ji je pripetila manj\u0161a napaka (padec rekvizita) in je tako le za las zgre\u0161ila uvrstitev v finale. Zmage v mnogoboju se je veselila svetovna prvakinja Italijanka <strong>Sofia Raffaeli<\/strong>.<\/p>\n\n\n\n<p>V finalu je v sestavi s trakom za las zgre\u0161ila stopni\u010dke in tako z oceno 32,000 zasedla 4. mesto. Za sestavo z obro\u010dem je prejela 31,300 in osvojila 5. mesto. Pri sestavi s kiji je naredila ve\u010djo napako (izguba rekvizita izven tekmovalnega prostora) in tako z oceno 29,600 zasedla 8. mesto.<\/p>\n\n\n\n<p><em>\u00bbKon\u010dalo se je prvo tekmovanje v sezoni. Bilo je te\u017eko, \u017eal sem naredila nekaj napak. Z vsemi rekviziti imam nove tekmovalne programe oziroma sestave. Videli smo, kje so se dogajale napake, tako da jih bomo lahko odpravili in naslednji\u010d tekmovali \u0161e bolj\u0161e. V tekmovalnih sestavah bomo tudi nekaj elementov spremenili. Prihodnji vikend me \u010daka \u017ee novo veliko tekmovanje, svetovni pokal v Atenah<\/em>\u00ab je po tekmovanju v nedeljo dejala <strong>Katja<\/strong>.<\/p>\n\n\n\n<p><\/p>\n\n\n\n<p class=\"has-text-align-center\"><em>Rezultate lahko najdete <a href=\"https:\/\/www.gimnasticna-zveza.si\/index.php\/rezultati\/?UrlRewrite=GP-Marbella-2023.aspx&amp;DocumentID=5004&amp;MagazineID=2140&amp;more=1\">TUKAJ<\/a>.<br>Posnetek mnogoboj skupine B, v kateri je tekmovala tudi <strong>Katja<\/strong> si lahko ogledate <a href=\"https:\/\/www.youtube.com\/watch?v=jwYSsIulnnU\">TUKAJ<\/a>.<\/em><\/p>\n\n\n\n<p><\/p>\n\n\n\n<div class=\"wp-block-jetpack-tiled-gallery aligncenter is-style-rectangular\"><div class=\"tiled-gallery__gallery\"><div class=\"tiled-gallery__row\"><div class=\"tiled-gallery__col\" style=\"flex-basis:45.12211%\"><figure class=\"tiled-gallery__item\"><img decoding=\"async\" alt=\"\" data-height=\"1363\" data-id=\"5397\" data-link=\"https:\/\/www.gimnasticna-zveza.si\/?attachment_id=5397\" data-url=\"https:\/\/www.gimnasticna-zveza.si\/wp-content\/uploads\/2023\/03\/3-1024x872.jpg\" data-width=\"1600\" src=\"https:\/\/i0.wp.com\/www.gimnasticna-zveza.si\/wp-content\/uploads\/2023\/03\/3-1024x872.jpg?ssl=1\" data-amp-layout=\"responsive\"\/><\/figure><\/div><div class=\"tiled-gallery__col\" style=\"flex-basis:54.87789%\"><figure class=\"tiled-gallery__item\"><img decoding=\"async\" alt=\"\" data-height=\"1792\" data-id=\"5224\" data-link=\"https:\/\/www.gimnasticna-zveza.si\/09_sponzorji_gzs_banner_mailchimp_februar-2023\/\" data-url=\"https:\/\/www.gimnasticna-zveza.si\/wp-content\/uploads\/2023\/02\/09_sponzorji_gzs_banner_mailchimp_februar-2023-1024x717.jpg\" data-width=\"2560\" src=\"https:\/\/i1.wp.com\/www.gimnasticna-zveza.si\/wp-content\/uploads\/2023\/02\/09_sponzorji_gzs_banner_mailchimp_februar-2023-1024x717.jpg?ssl=1\" data-amp-layout=\"responsive\"\/><\/figure><\/div><\/div><\/div><\/div>\n","protected":false},"excerpt":{"rendered":"<p>Marbella, 12. marca \u2013 Na tekmovanju Velike nagrade Marbella se<span class=\"excerpt-hellip\"> [\u2026]<\/span><\/p>\n","protected":false},"author":8,"featured_media":4596,"comment_status":"closed","ping_status":"closed","sticky":false,"template":"","format":"standard","meta":{"_monsterinsights_skip_tracking":false,"_monsterinsights_sitenote_active":false,"_monsterinsights_sitenote_note":"","_monsterinsights_sitenote_category":0,"footnotes":""},"categories":[34,31,40,28],"tags":[],"class_list":["post-5396","post","type-post","status-publish","format-standard","has-post-thumbnail","hentry","category-fig-in-ueg","category-gimnastika","category-ritmicna-gimnastika","category-vrhunski-sport"],"_links":{"self":[{"href":"https:\/\/gimnasticna-zveza.si\/index.php\/wp-json\/wp\/v2\/posts\/5396","targetHints":{"allow":["GET"]}}],"collection":[{"href":"https:\/\/gimnasticna-zveza.si\/index.php\/wp-json\/wp\/v2\/posts"}],"about":[{"href":"https:\/\/gimnasticna-zveza.si\/index.php\/wp-json\/wp\/v2\/types\/post"}],"author":[{"embeddable":true,"href":"https:\/\/gimnasticna-zveza.si\/index.php\/wp-json\/wp\/v2\/users\/8"}],"replies":[{"embeddable":true,"href":"https:\/\/gimnasticna-zveza.si\/index.php\/wp-json\/wp\/v2\/comments?post=5396"}],"version-history":[{"count":5,"href":"https:\/\/gimnasticna-zveza.si\/index.php\/wp-json\/wp\/v2\/posts\/5396\/revisions"}],"predecessor-version":[{"id":5403,"href":"https:\/\/gimnasticna-zveza.si\/index.php\/wp-json\/wp\/v2\/posts\/5396\/revisions\/5403"}],"wp:featuredmedia":[{"embeddable":true,"href":"https:\/\/gimnasticna-zveza.si\/index.php\/wp-json\/wp\/v2\/media\/4596"}],"wp:attachment":[{"href":"https:\/\/gimnasticna-zveza.si\/index.php\/wp-json\/wp\/v2\/media?parent=5396"}],"wp:term":[{"taxonomy":"category","embeddable":true,"href":"https:\/\/gimnasticna-zveza.si\/index.php\/wp-json\/wp\/v2\/categories?post=5396"},{"taxonomy":"post_tag","embeddable":true,"href":"https:\/\/gimnasticna-zveza.si\/index.php\/wp-json\/wp\/v2\/tags?post=5396"}],"curies":[{"name":"wp","href":"https:\/\/api.w.org\/{rel}","templated":true}]}}