{"id":4975,"date":"2022-12-13T17:32:29","date_gmt":"2022-12-13T15:32:29","guid":{"rendered":"http:\/\/www.gimnasticna-zveza.si\/?p=4975"},"modified":"2022-12-13T17:32:32","modified_gmt":"2022-12-13T15:32:32","slug":"izvedena-1-seja-skupscine-gimnasticne-zveze-slovenije","status":"publish","type":"post","link":"https:\/\/gimnasticna-zveza.si\/index.php\/2022\/12\/13\/izvedena-1-seja-skupscine-gimnasticne-zveze-slovenije\/","title":{"rendered":"Izvedena 1. seja skup\u0161\u010dine Gimnasti\u010dne zveze Slovenije"},"content":{"rendered":"\n<p><strong>V torek, 12. decembra 2022, je v kongresni dvorani Kristalne pla\u010de potekala 1.  seja skup\u0161\u010dine Gimnasti\u010dne zveze Slovenije, kamor so bili povabljeni predstavniki vseh \u010dlanic Gimnasti\u010dne zveze Slovenije.<\/strong><\/p>\n\n\n\n<p>Zbrane je nagovoril predsednik Gimnasti\u010dne Zveze Slovenije <strong>mag. Damjan Kralj <\/strong>in s tem otvoril 1. sejo skup\u0161\u010dine Gimnasti\u010dne zveze Slovenije. Skup\u0161\u010dina je obravnavala ve\u010d to\u010dk, med drugim zapisnik 6. volilne Skup\u0161\u010dine GZS, na kateri je bil za svoj drugi mandat ponovno izvoljen <strong>mag. Damjan Kral<\/strong>j, poro\u010dilo Nadzornega odbora GZS, obravnavala in sprejela Poro\u010dila Strokovnega sveta in pano\u017enih strokovnih odborov GZS o delu v letu 2021 in programa dela Strokovnega sveta in pano\u017enih strokovnih odborov GZS za leto 2022, obravnavala in sprejela Letno delovno in finan\u010dno poro\u010dilo Gimnasti\u010dne zveze Slovenije za leto 2021, in obravnavala ter sprejela Predloga letnega delovnega in finan\u010dnega na\u010drta Gimnasti\u010dne zveze Slovenije za teko\u010de leto.<\/p>\n\n\n\n<p>Gimnasti\u010dna zveza Slovenije je poslovno leto zaklju\u010dila s prihodki v vi\u0161ini 1.065.435,19 EUR in stro\u0161ki v vi\u0161ini 1.042.606,38 EUR, kar pomeni prese\u017eek prihodkov nad odhodki v vi\u0161ini 22.828,81 EUR (pred davkom). Davek od dohodkov za poslovno leto 2021 zna\u0161a 1.620,49 EUR. Prese\u017eek prihodkov nad odhodki se po sprejetju ustreznega sklepa na skup\u0161\u010dini GZS prenese v dru\u0161tveni sklad za pokrivanje prese\u017eka odhodkov nad prihodki iz preteklih poslovnih let. Dru\u0161tveni sklad na dan 31. 12. 2021 zna\u0161a -12.173,40 EUR in bo predvidoma konec poslovnega leta 2022 prvi\u010d po najmanj dvajsetih letih pozitiven.<\/p>\n\n\n\n<p>Skup\u0161\u010dina je potrdila tudi sprejem dveh novih \u010dlanic Gimnasti\u010dne zveze Slovenije, Akrobatsko dru\u0161tvo Levi in Turisti\u010dno \u0161portno dru\u0161tvo Orehovlje, ter priznanja za 60 \u2013 letnico Gimnasti\u010dne zveze Slovenije, saj GZS v letu 2022 praznuje svoje 60. leto delovanja (ustanovljena je bila 16. decembra 1972).<\/p>\n\n\n\n<p>Zbrane je za zaklju\u010dek ponovno nagovoril predsednik Gimnasti\u010dne zveze Slovenije <strong>mag. Damjan Kralj<\/strong>.<\/p>\n\n\n\n<figure class=\"wp-block-image size-large\"><img fetchpriority=\"high\" decoding=\"async\" width=\"1024\" height=\"717\" src=\"https:\/\/www.gimnasticna-zveza.si\/wp-content\/uploads\/2022\/08\/08_sponzorji_gzs_banner_mailchimp_julij-2022-1024x717.jpg\" alt=\"\" class=\"wp-image-4218\" srcset=\"https:\/\/gimnasticna-zveza.si\/wp-content\/uploads\/2022\/08\/08_sponzorji_gzs_banner_mailchimp_julij-2022-1024x717.jpg 1024w, https:\/\/gimnasticna-zveza.si\/wp-content\/uploads\/2022\/08\/08_sponzorji_gzs_banner_mailchimp_julij-2022-300x210.jpg 300w, https:\/\/gimnasticna-zveza.si\/wp-content\/uploads\/2022\/08\/08_sponzorji_gzs_banner_mailchimp_julij-2022-768x538.jpg 768w, https:\/\/gimnasticna-zveza.si\/wp-content\/uploads\/2022\/08\/08_sponzorji_gzs_banner_mailchimp_julij-2022-1536x1075.jpg 1536w, https:\/\/gimnasticna-zveza.si\/wp-content\/uploads\/2022\/08\/08_sponzorji_gzs_banner_mailchimp_julij-2022-209x146.jpg 209w, https:\/\/gimnasticna-zveza.si\/wp-content\/uploads\/2022\/08\/08_sponzorji_gzs_banner_mailchimp_julij-2022-50x35.jpg 50w, https:\/\/gimnasticna-zveza.si\/wp-content\/uploads\/2022\/08\/08_sponzorji_gzs_banner_mailchimp_julij-2022-107x75.jpg 107w, https:\/\/gimnasticna-zveza.si\/wp-content\/uploads\/2022\/08\/08_sponzorji_gzs_banner_mailchimp_julij-2022-800x560.jpg 800w, https:\/\/gimnasticna-zveza.si\/wp-content\/uploads\/2022\/08\/08_sponzorji_gzs_banner_mailchimp_julij-2022.jpg 1890w\" sizes=\"(max-width:767px) 480px, (max-width:1024px) 100vw, 1024px\" \/><\/figure>\n","protected":false},"excerpt":{"rendered":"<p>V torek, 12. decembra 2022, je v kongresni dvorani Kristalne<span class=\"excerpt-hellip\"> [\u2026]<\/span><\/p>\n","protected":false},"author":8,"featured_media":4981,"comment_status":"closed","ping_status":"closed","sticky":false,"template":"","format":"standard","meta":{"_monsterinsights_skip_tracking":false,"_monsterinsights_sitenote_active":false,"_monsterinsights_sitenote_note":"","_monsterinsights_sitenote_category":0,"footnotes":""},"categories":[31],"tags":[],"class_list":["post-4975","post","type-post","status-publish","format-standard","has-post-thumbnail","hentry","category-gimnastika"],"_links":{"self":[{"href":"https:\/\/gimnasticna-zveza.si\/index.php\/wp-json\/wp\/v2\/posts\/4975","targetHints":{"allow":["GET"]}}],"collection":[{"href":"https:\/\/gimnasticna-zveza.si\/index.php\/wp-json\/wp\/v2\/posts"}],"about":[{"href":"https:\/\/gimnasticna-zveza.si\/index.php\/wp-json\/wp\/v2\/types\/post"}],"author":[{"embeddable":true,"href":"https:\/\/gimnasticna-zveza.si\/index.php\/wp-json\/wp\/v2\/users\/8"}],"replies":[{"embeddable":true,"href":"https:\/\/gimnasticna-zveza.si\/index.php\/wp-json\/wp\/v2\/comments?post=4975"}],"version-history":[{"count":3,"href":"https:\/\/gimnasticna-zveza.si\/index.php\/wp-json\/wp\/v2\/posts\/4975\/revisions"}],"predecessor-version":[{"id":4982,"href":"https:\/\/gimnasticna-zveza.si\/index.php\/wp-json\/wp\/v2\/posts\/4975\/revisions\/4982"}],"wp:featuredmedia":[{"embeddable":true,"href":"https:\/\/gimnasticna-zveza.si\/index.php\/wp-json\/wp\/v2\/media\/4981"}],"wp:attachment":[{"href":"https:\/\/gimnasticna-zveza.si\/index.php\/wp-json\/wp\/v2\/media?parent=4975"}],"wp:term":[{"taxonomy":"category","embeddable":true,"href":"https:\/\/gimnasticna-zveza.si\/index.php\/wp-json\/wp\/v2\/categories?post=4975"},{"taxonomy":"post_tag","embeddable":true,"href":"https:\/\/gimnasticna-zveza.si\/index.php\/wp-json\/wp\/v2\/tags?post=4975"}],"curies":[{"name":"wp","href":"https:\/\/api.w.org\/{rel}","templated":true}]}}