{"id":3990,"date":"2022-06-14T07:00:00","date_gmt":"2022-06-14T05:00:00","guid":{"rendered":"http:\/\/www.gimnasticna-zveza.si\/?p=3990"},"modified":"2022-06-13T16:21:52","modified_gmt":"2022-06-13T14:21:52","slug":"slovenija-v-tel-avivu-prvic-med-favoritinjami-za-medalje","status":"publish","type":"post","link":"https:\/\/gimnasticna-zveza.si\/index.php\/2022\/06\/14\/slovenija-v-tel-avivu-prvic-med-favoritinjami-za-medalje\/","title":{"rendered":"Slovenija v Tel Avivu prvi\u010d med favoritinjami za medalje"},"content":{"rendered":"\n<p>Ljubljana, 13. junija (STA) &#8211; Slovenija bo imela ta teden na evropskem prvenstvu v ritmi\u010dni gimnastiki, ki bo od srede do nedelje v Tel Avivu, z Jekaterino Vedenejevo prvi\u010d eno od glavnih favoritinj za kolajne. Rusinja s slovenskim potnim listom, ki zadnja leta za Slovenijo premika meje tega \u0161porta, bo ob odsotnosti ruskih in beloruskih tekmovalk sku\u0161ala osvojiti prvo kolajno.<\/p>\n\n\n\n<p>Letos se bodo ritmi\u010darke za naslove najbolj\u0161ih na stari celini pomerile v Tel Avivu, jesenski vrhunec pa bo svetovno prvenstvo v Sofiji.<\/p>\n\n\n\n<p>V Izraelu je na sporedu ekipno tekmovanje, kjer Slovenija ne bo nastopila, saj nima \u010dlanske skupinske sestave, ki prav tako \u0161teje v ekipni dose\u017eek.<\/p>\n\n\n\n<p>&#8220;Res je, da ekipnega rezultata nimamo. Vse cilje polagamo v Katjo (Vedenejeva, op. STA), ki je bila to sezono v svetovnem merilu zelo uspe\u0161na. Pokazala je, da ob popolni izvedbi redno posega tudi po kolajnah. Seveda si \u017eelimo, da ji bo tudi na evropskem prvenstvu uspelo prikazati popolne sestave, saj le to vodi do dobrega dose\u017eka,&#8221; je na novinarski konferenci pred odhodom dejala predsednica strokovnega odbora Lena Jakubovska.<\/p>\n\n\n\n<p><strong>Ruska agresija nad Ukrajino glavnim favoritinjam zaprla vrata<\/strong><\/p>\n\n\n\n<p>\u010cetudi Slovenija nima skupinske sestave, pa ima med posameznicami z Vedenejevo upravi\u010deno visoke cilje. Vrata do najvi\u0161jih mest so \u0161e toliko bolj na \u0161iroko odprta, saj bodo morale prve favoritinje tega \u0161porta, Rusinje in Belorusinje, zaradi ruske agresije nad Ukrajino ostati doma.<\/p>\n\n\n\n<p>V skupinskih sestavah so glavne favoritinje Bolgarke, Italijanke, Izraelke, Ukrajinke in Azerbajd\u017eanke, med posameznicami pa velja izpostaviti evropsko podprvakinjo Bolgarko Borjano Kalejn, ki je imela sicer to sezono te\u017eave s po\u0161kodbo, njeno rojakinjo Stiliano Nikolovo, Italijanki Sofio Raffaeli in Mileno Baldassarri, ki je letos ob Vedenejevi konec marca navdu\u0161ila ljubljansko ob\u010dinstvo na 34. mednarodnem turnirju MTM Narodni dom.<\/p>\n\n\n\n<p>Gostitelji upe polagajo v mladinsko evropsko prvakinjo s kiji 2020, Dario Atamanov, in Adi Asyo Katz, Ukrajinke pa v Viktorijo Onoprienko.<\/p>\n\n\n\n<p><strong>Za Slovenijo z Vedenejevo kolajna prvi\u010d realen cilj<\/strong><\/p>\n\n\n\n<p>V ospredju bodo tako druge tekmovalke kot ponavadi, vendar pa imajo, kot je menila Jakubovska, najve\u010d mo\u017enosti za vrh Bolgarke, Italijanke ter tudi Slovenke. Po njenem je prva kolajna za Slovenijo na najve\u010djih tekmovanjih tokrat prvi\u010d realen cilj.<\/p>\n\n\n\n<p>&#8220;Jaz mislim, da je. Seveda pa se mora marsikaj &#8216;poklopiti&#8217;, saj vemo, da gre za \u0161port. Najprej se bo treba uvrstiti v finale, in dobro vemo, da je ponavadi ta borba najtr\u0161a. V kvalifikacijah bo najte\u017eje, kot ka\u017eejo dosedanje tekme, v finalih je \u017ee nekoliko la\u017eje nastopiti. Tam odlo\u010dajo malenkosti,&#8221; je \u0161e dodala Jakubovska.<\/p>\n\n\n\n<p>Medtem pa izjemno izku\u0161ena Vedenejeva, ta mesec bo dopolnila 28 let, poudarja, da si sama rezultatskih ciljev nikoli ne zastavlja. &#8220;Izku\u0161nje mi pravijo, da \u010dim bolj si postavljam cilje, slab\u0161e tekmujem,&#8221; je povedala pred odhodom.<\/p>\n\n\n\n<p>Dejstvo ostaja, da je na nedavnih tekmovanjih za svetovni pokal &#8211; v Ta\u0161kentu, Bakuju, Pamploni, Pesari &#8211; vsakokrat pri\u0161la do kolajne, sezono svetovnega pokala s trakom pa je kon\u010dala celo s skupno zmago. Na evropskem odru torej &#8211; ho\u010de ali no\u010de &#8211; sodi med najve\u010dje favoritinje za odli\u010dja, kar je potrdila tudi Jakubovska, ki bo v Izraelu v vlogi sodnice.<\/p>\n\n\n\n<p>&#8220;Na evropskem prvenstvu \u017eelim dostojno zastopati na\u0161o dr\u017eavo, u\u017eivati v nastopih in navdu\u0161iti ob\u010dinstvo,&#8221; je o osebnih ciljih povedala Vedenejeva.<\/p>\n\n\n\n<p><strong>Poleg Vedenejeve na EP \u0161e \u0161est slovenskih tekmovalk<\/strong><\/p>\n\n\n\n<p>Med \u010dlanicami se bosta na velikem odru EP izmed Slovenk predstavili \u0161e Karina Gerkman Salaujova ter Tina Hajdinjak, v mladinskem ekipnem tekmovanju pa bodo nastopile Ela Polak, Nika Zajc, Alja Ponikvar in Asja Pu\u010dnik.<\/p>\n\n\n\n<p>Prav mladinke bodo \u017ee v sredo odprle tekmovanje, v \u010detrtek sledijo kvalifikacije \u010dlanic z obro\u010dem in \u017eogo ter finali mladink, v petek so na sporedu \u010dlanske kvalifikacije s kiji in trakom, v soboto finale mnogoboja 24 najbolj\u0161ih ter skupinskih sestav, v nedeljo pa vsi finali po orodjih.<\/p>\n","protected":false},"excerpt":{"rendered":"<p>Ljubljana, 13. junija (STA) &#8211; Slovenija bo imela ta teden<span class=\"excerpt-hellip\"> [\u2026]<\/span><\/p>\n","protected":false},"author":3,"featured_media":3991,"comment_status":"open","ping_status":"open","sticky":false,"template":"","format":"standard","meta":{"_monsterinsights_skip_tracking":false,"_monsterinsights_sitenote_active":false,"_monsterinsights_sitenote_note":"","_monsterinsights_sitenote_category":0,"footnotes":""},"categories":[34,28],"tags":[],"class_list":["post-3990","post","type-post","status-publish","format-standard","has-post-thumbnail","hentry","category-fig-in-ueg","category-vrhunski-sport"],"_links":{"self":[{"href":"https:\/\/gimnasticna-zveza.si\/index.php\/wp-json\/wp\/v2\/posts\/3990","targetHints":{"allow":["GET"]}}],"collection":[{"href":"https:\/\/gimnasticna-zveza.si\/index.php\/wp-json\/wp\/v2\/posts"}],"about":[{"href":"https:\/\/gimnasticna-zveza.si\/index.php\/wp-json\/wp\/v2\/types\/post"}],"author":[{"embeddable":true,"href":"https:\/\/gimnasticna-zveza.si\/index.php\/wp-json\/wp\/v2\/users\/3"}],"replies":[{"embeddable":true,"href":"https:\/\/gimnasticna-zveza.si\/index.php\/wp-json\/wp\/v2\/comments?post=3990"}],"version-history":[{"count":1,"href":"https:\/\/gimnasticna-zveza.si\/index.php\/wp-json\/wp\/v2\/posts\/3990\/revisions"}],"predecessor-version":[{"id":3992,"href":"https:\/\/gimnasticna-zveza.si\/index.php\/wp-json\/wp\/v2\/posts\/3990\/revisions\/3992"}],"wp:featuredmedia":[{"embeddable":true,"href":"https:\/\/gimnasticna-zveza.si\/index.php\/wp-json\/wp\/v2\/media\/3991"}],"wp:attachment":[{"href":"https:\/\/gimnasticna-zveza.si\/index.php\/wp-json\/wp\/v2\/media?parent=3990"}],"wp:term":[{"taxonomy":"category","embeddable":true,"href":"https:\/\/gimnasticna-zveza.si\/index.php\/wp-json\/wp\/v2\/categories?post=3990"},{"taxonomy":"post_tag","embeddable":true,"href":"https:\/\/gimnasticna-zveza.si\/index.php\/wp-json\/wp\/v2\/tags?post=3990"}],"curies":[{"name":"wp","href":"https:\/\/api.w.org\/{rel}","templated":true}]}}