{"id":3975,"date":"2022-06-10T10:16:27","date_gmt":"2022-06-10T08:16:27","guid":{"rendered":"http:\/\/www.gimnasticna-zveza.si\/?p=3975"},"modified":"2022-06-10T10:16:29","modified_gmt":"2022-06-10T08:16:29","slug":"teja-v-finale-s-prvo-oceno-preskoka","status":"publish","type":"post","link":"https:\/\/gimnasticna-zveza.si\/index.php\/2022\/06\/10\/teja-v-finale-s-prvo-oceno-preskoka\/","title":{"rendered":"Teja v finale s prvo oceno preskoka"},"content":{"rendered":"\n<p>Osijek, 09. junija (STA) &#8211; Slovenske telovadke so z odliko za\u010dele prvi svetovni pokal po dvomese\u010dnem tekmovalnem premoru, ki konec tedna poteka v Osijeku. Teja Belak se je s prvo oceno kvalifikacij na preskoku (13,733 to\u010dke) zanesljivo uvrstila v sobotni finale, slovenski uspeh je s tretjim dose\u017ekom kvalifikacij (13,150) dopolnila \u0161e Tja\u0161a Kysselef.<\/p>\n\n\n\n<p>Slovenska gimnasti\u010dna vrsta od danes do nedelje nastopa na svetovnem izzivu v Osijeku, ki telovadcem obenem slu\u017ei kot ogrevanje pred doma\u010dim svetovnim pokalom v Kopru od 16. do 19. junija.<\/p>\n\n\n\n<p>Potem ko so v slovenskem gimnasti\u010dnem taboru prvi del sezone, svetovni pokal najvi\u0161je ravni, kon\u010dali s skupnim drugim mestom Tja\u0161e Kysselef na preskoku ter tretjim Lucije Hribar na dvovi\u0161inski bradlji, na zmagovalni oder pa se je po rojstvu otroka spet vrnila tudi Teja Belak, so drugi del za\u010deli z odliko.<\/p>\n\n\n\n<p>Belakova je oba skoka izvedla zelo zanesljivo in se z velikansko prednostjo pred tekmicami uvrstila med najbolj\u0161o osmerico. V sobotni boj za kolajne gre kot prva favoritinja za zmago. Brez te\u017eav si je finale priskakala tudi Kysselefova.<\/p>\n\n\n\n<p>In \u010de sta obe izku\u0161eni reprezentantki rutinirano opravili dana\u0161njo nalogo, pa se je Hribarjevi zalomilo na dvovi\u0161inski bradlji. Po napaki je z deseto oceno 11,966 za las ostala brez finalnega nastopa. Na tem orodju je nastopila tudi Sara King, ki je z 10,733 kon\u010dala na 20. mestu.<\/p>\n\n\n\n<p>&#8220;Zadovoljen sem z obema telovadkama na preskoku, obe sta naredili to, kar smo od njiju pri\u010dakovali. Z bradljo pa ne morem biti, ker je Lucija spet naredila napako na tem orodju. \u010ceprav sestavo na treningih izvaja brez te\u017eav, rutinirano, ji danes spet ni \u0161lo. S padcem je prejela oceno skoraj 12, brez bi bila lahko povsem v vrhu,&#8221; je iz Osijeka sporo\u010dil selektor Andrej Mavri\u010d.<\/p>\n\n\n\n<p>Brez finalnega nastopa je ostal tudi Luka Ki\u0161ek (12,150); na konju z ro\u010daji je bil 19., medtem ko se bo Luka Bojanc na krogih za najbolj\u0161o osmerico boril v petek.<\/p>\n\n\n\n<p>Drugi dan kvalifikacij Hribarjevo \u010dakata \u0161e nastopa na gredi in parterju, na gredi bo tekmovala \u0161e Kysselefova, na parterju pa Kingova.<\/p>\n\n\n\n<p>Finali so na sporedu v soboto in nedeljo; \u017ee uvodni dan finalov pa ima Slovenija z Belakovo in Kysselefovo na preskoku v ognju kar dve \u017eelezi za zmago.<\/p>\n","protected":false},"excerpt":{"rendered":"<p>Osijek, 09. junija (STA) &#8211; Slovenske telovadke so z odliko<span class=\"excerpt-hellip\"> [\u2026]<\/span><\/p>\n","protected":false},"author":3,"featured_media":3976,"comment_status":"open","ping_status":"open","sticky":false,"template":"","format":"standard","meta":{"_monsterinsights_skip_tracking":false,"_monsterinsights_sitenote_active":false,"_monsterinsights_sitenote_note":"","_monsterinsights_sitenote_category":0,"footnotes":""},"categories":[28],"tags":[],"class_list":["post-3975","post","type-post","status-publish","format-standard","has-post-thumbnail","hentry","category-vrhunski-sport"],"_links":{"self":[{"href":"https:\/\/gimnasticna-zveza.si\/index.php\/wp-json\/wp\/v2\/posts\/3975","targetHints":{"allow":["GET"]}}],"collection":[{"href":"https:\/\/gimnasticna-zveza.si\/index.php\/wp-json\/wp\/v2\/posts"}],"about":[{"href":"https:\/\/gimnasticna-zveza.si\/index.php\/wp-json\/wp\/v2\/types\/post"}],"author":[{"embeddable":true,"href":"https:\/\/gimnasticna-zveza.si\/index.php\/wp-json\/wp\/v2\/users\/3"}],"replies":[{"embeddable":true,"href":"https:\/\/gimnasticna-zveza.si\/index.php\/wp-json\/wp\/v2\/comments?post=3975"}],"version-history":[{"count":1,"href":"https:\/\/gimnasticna-zveza.si\/index.php\/wp-json\/wp\/v2\/posts\/3975\/revisions"}],"predecessor-version":[{"id":3977,"href":"https:\/\/gimnasticna-zveza.si\/index.php\/wp-json\/wp\/v2\/posts\/3975\/revisions\/3977"}],"wp:featuredmedia":[{"embeddable":true,"href":"https:\/\/gimnasticna-zveza.si\/index.php\/wp-json\/wp\/v2\/media\/3976"}],"wp:attachment":[{"href":"https:\/\/gimnasticna-zveza.si\/index.php\/wp-json\/wp\/v2\/media?parent=3975"}],"wp:term":[{"taxonomy":"category","embeddable":true,"href":"https:\/\/gimnasticna-zveza.si\/index.php\/wp-json\/wp\/v2\/categories?post=3975"},{"taxonomy":"post_tag","embeddable":true,"href":"https:\/\/gimnasticna-zveza.si\/index.php\/wp-json\/wp\/v2\/tags?post=3975"}],"curies":[{"name":"wp","href":"https:\/\/api.w.org\/{rel}","templated":true}]}}