{"id":3961,"date":"2022-06-06T17:08:48","date_gmt":"2022-06-06T15:08:48","guid":{"rendered":"http:\/\/www.gimnasticna-zveza.si\/?p=3961"},"modified":"2022-06-06T17:08:53","modified_gmt":"2022-06-06T15:08:53","slug":"17-svetovni-pokal-v-sportni-gimnastiki-oddaljen-le-se-10-dni","status":"publish","type":"post","link":"https:\/\/gimnasticna-zveza.si\/index.php\/2022\/06\/06\/17-svetovni-pokal-v-sportni-gimnastiki-oddaljen-le-se-10-dni\/","title":{"rendered":"17. svetovni pokal v \u0161portni gimnastiki oddaljen le \u0161e 10 dni"},"content":{"rendered":"\n<p>Kon\u010dno je \u010das za najve\u010dji slovenski gimnasti\u010dni dogodek! In letos bo ta ve\u010dji kot kdajkoli doslej!<\/p>\n\n\n\n<p>Osrednji dogodek, 17. svetovni pokal v \u0161portni gimnastiki, bo potekal od 16. do 19. junija 2022 v Areni Boniifka v Kopru. Prva dva dni, v \u010detrtek, 16. junija in petek, 17. junija, bodo kvalifikacije za vse udele\u017eence. Finali bodo v soboto, 18. junija in nedeljo, 19. junija.<\/p>\n\n\n\n<figure class=\"wp-block-image size-large\"><img fetchpriority=\"high\" decoding=\"async\" width=\"1024\" height=\"267\" src=\"https:\/\/www.gimnasticna-zveza.si\/wp-content\/uploads\/2021\/08\/mailchimp_banner_spp-1024x267.jpg\" alt=\"\" class=\"wp-image-2998\" srcset=\"https:\/\/gimnasticna-zveza.si\/wp-content\/uploads\/2021\/08\/mailchimp_banner_spp-1024x267.jpg 1024w, https:\/\/gimnasticna-zveza.si\/wp-content\/uploads\/2021\/08\/mailchimp_banner_spp-300x78.jpg 300w, https:\/\/gimnasticna-zveza.si\/wp-content\/uploads\/2021\/08\/mailchimp_banner_spp-768x200.jpg 768w, https:\/\/gimnasticna-zveza.si\/wp-content\/uploads\/2021\/08\/mailchimp_banner_spp-1536x401.jpg 1536w, https:\/\/gimnasticna-zveza.si\/wp-content\/uploads\/2021\/08\/mailchimp_banner_spp-2048x534.jpg 2048w, https:\/\/gimnasticna-zveza.si\/wp-content\/uploads\/2021\/08\/mailchimp_banner_spp-260x68.jpg 260w, https:\/\/gimnasticna-zveza.si\/wp-content\/uploads\/2021\/08\/mailchimp_banner_spp-50x13.jpg 50w, https:\/\/gimnasticna-zveza.si\/wp-content\/uploads\/2021\/08\/mailchimp_banner_spp-150x39.jpg 150w, https:\/\/gimnasticna-zveza.si\/wp-content\/uploads\/2021\/08\/mailchimp_banner_spp-600x157.jpg 600w\" sizes=\"(max-width:767px) 480px, (max-width:1024px) 100vw, 1024px\" \/><\/figure>\n\n\n\n<h4 class=\"wp-block-heading\">Urnik finalov<\/h4>\n\n\n\n<p><strong>Sobota, 18. junija 2022<\/strong><\/p>\n\n\n\n<ul class=\"wp-block-list\"><li>15.20: parter M,<\/li><li>15.50: preskok \u017d,<\/li><li>16.25: konj z ro\u010daji,<\/li><li>16.50: dvovi\u0161insdka bradlja,<\/li><li>17.25: krogi,<\/li><\/ul>\n\n\n\n<p><strong>Nedelja, 19. junija 2022<\/strong><\/p>\n\n\n\n<ul class=\"wp-block-list\"><li>15.20: preskok M,<\/li><li>15.50: gred,<\/li><li>16.26: bradlja,<\/li><li>17.00: parter \u017d,<\/li><li>17.30: drog \u017d.<\/li><\/ul>\n\n\n\n<p>Razglasitev ekipe sledi v kraktem.<\/p>\n\n\n\n<h4 class=\"wp-block-heading\">Kaj je letos novega?<\/h4>\n\n\n\n<p>V nedeljo, 19. junija, ste vljudno vabljeni, da se nam pridru\u017eite v <strong>Gimko igralnici<\/strong>, ki bo v sredi\u0161\u010du Kopra. Osrednja aktivnost dogodka bo projekt Gimnasti\u010dne zveze Slovenije <strong>Prehodimo Slovenijo po rokah<\/strong>. V poklon na\u0161emu mestu gostitelju smo si zadali zelo ambiciozen cilj: dose\u010di \u0161tevilko 43.157 po rokah prehojenih metrov, kar je tudi dol\u017eina slovenske obale.<\/p>\n\n\n\n<p>Pridru\u017eite se nam v nedeljo zjutraj med 10.00 in 12.00 uro v sredi\u0161\u010du starega mestnega jedra Kopra.<\/p>\n\n\n\n<div class=\"wp-block-jetpack-tiled-gallery aligncenter is-style-rectangular\"><div class=\"tiled-gallery__gallery\"><div class=\"tiled-gallery__row\"><div class=\"tiled-gallery__col\" style=\"flex-basis:66.78742%\"><figure class=\"tiled-gallery__item\"><img decoding=\"async\" alt=\"\" data-height=\"1707\" data-id=\"3963\" data-link=\"https:\/\/www.gimnasticna-zveza.si\/?attachment_id=3963\" data-url=\"https:\/\/www.gimnasticna-zveza.si\/wp-content\/uploads\/2022\/06\/SP_Gimnastika_Koper_otroci_1585_210904_LV-1024x683.jpg\" data-width=\"2560\" src=\"https:\/\/i2.wp.com\/www.gimnasticna-zveza.si\/wp-content\/uploads\/2022\/06\/SP_Gimnastika_Koper_otroci_1585_210904_LV-1024x683.jpg\" data-amp-layout=\"responsive\"\/><\/figure><\/div><div class=\"tiled-gallery__col\" style=\"flex-basis:33.21258%\"><figure class=\"tiled-gallery__item\"><img decoding=\"async\" alt=\"\" data-height=\"1707\" data-id=\"3964\" data-link=\"https:\/\/www.gimnasticna-zveza.si\/?attachment_id=3964\" data-url=\"https:\/\/www.gimnasticna-zveza.si\/wp-content\/uploads\/2022\/06\/SP_Gimnastika_Koper_otroci_1595_210904_LV-1024x683.jpg\" data-width=\"2560\" src=\"https:\/\/i0.wp.com\/www.gimnasticna-zveza.si\/wp-content\/uploads\/2022\/06\/SP_Gimnastika_Koper_otroci_1595_210904_LV-1024x683.jpg\" data-amp-layout=\"responsive\"\/><\/figure><figure class=\"tiled-gallery__item\"><img decoding=\"async\" alt=\"\" data-height=\"1707\" data-id=\"3965\" data-link=\"https:\/\/www.gimnasticna-zveza.si\/?attachment_id=3965\" data-url=\"https:\/\/www.gimnasticna-zveza.si\/wp-content\/uploads\/2022\/06\/SP_Gimnastika_Koper_otroci_1668_210904_LV-1024x683.jpg\" data-width=\"2560\" src=\"https:\/\/i0.wp.com\/www.gimnasticna-zveza.si\/wp-content\/uploads\/2022\/06\/SP_Gimnastika_Koper_otroci_1668_210904_LV-1024x683.jpg\" data-amp-layout=\"responsive\"\/><\/figure><\/div><\/div><div class=\"tiled-gallery__row\"><div class=\"tiled-gallery__col\" style=\"flex-basis:100.00000%\"><figure class=\"tiled-gallery__item\"><img decoding=\"async\" alt=\"\" data-height=\"1707\" data-id=\"3966\" data-link=\"https:\/\/www.gimnasticna-zveza.si\/?attachment_id=3966\" data-url=\"https:\/\/www.gimnasticna-zveza.si\/wp-content\/uploads\/2022\/06\/SP_Gimnastika_Koper_otroci_1758_210904_LV-1024x683.jpg\" data-width=\"2560\" src=\"https:\/\/i0.wp.com\/www.gimnasticna-zveza.si\/wp-content\/uploads\/2022\/06\/SP_Gimnastika_Koper_otroci_1758_210904_LV-1024x683.jpg\" data-amp-layout=\"responsive\"\/><\/figure><\/div><\/div><\/div><\/div>\n\n\n\n<h4 class=\"wp-block-heading\">In kaj se letos kon\u010dno vra\u010da?<\/h4>\n\n\n\n<p>Na\u0161 priljubljerni <strong>Gimko pokal <\/strong>se ponovno vra\u010da prvi\u010d po letu 2019. Preiredili ga bomo v soboto, 18. junija v \u0160portni dvorani Osnovne \u0161ole Koper (tik ob Areni Bonifika). Zelo smo veseli, da imamo kon\u010dno nazaj bodo\u010de zvezde gimnastike.<\/p>\n\n\n\n<div class=\"wp-block-jetpack-tiled-gallery aligncenter is-style-rectangular\"><div class=\"tiled-gallery__gallery\"><div class=\"tiled-gallery__row\"><div class=\"tiled-gallery__col\" style=\"flex-basis:66.81231%\"><figure class=\"tiled-gallery__item\"><img decoding=\"async\" alt=\"\" data-height=\"1332\" data-id=\"3967\" data-link=\"https:\/\/www.gimnasticna-zveza.si\/?attachment_id=3967\" data-url=\"https:\/\/www.gimnasticna-zveza.si\/wp-content\/uploads\/2022\/06\/A17I0504-1024x682.jpg\" data-width=\"2000\" src=\"https:\/\/i0.wp.com\/www.gimnasticna-zveza.si\/wp-content\/uploads\/2022\/06\/A17I0504-1024x682.jpg\" data-amp-layout=\"responsive\"\/><\/figure><\/div><div class=\"tiled-gallery__col\" style=\"flex-basis:33.18769%\"><figure class=\"tiled-gallery__item\"><img decoding=\"async\" alt=\"\" data-height=\"1333\" data-id=\"3968\" data-link=\"https:\/\/www.gimnasticna-zveza.si\/?attachment_id=3968\" data-url=\"https:\/\/www.gimnasticna-zveza.si\/wp-content\/uploads\/2022\/06\/A17I0234-1024x682.jpg\" data-width=\"2000\" src=\"https:\/\/i0.wp.com\/www.gimnasticna-zveza.si\/wp-content\/uploads\/2022\/06\/A17I0234-1024x682.jpg\" data-amp-layout=\"responsive\"\/><\/figure><figure class=\"tiled-gallery__item\"><img decoding=\"async\" alt=\"\" data-height=\"1334\" data-id=\"3969\" data-link=\"https:\/\/www.gimnasticna-zveza.si\/?attachment_id=3969\" data-url=\"https:\/\/www.gimnasticna-zveza.si\/wp-content\/uploads\/2022\/06\/A17I0347-1024x683.jpg\" data-width=\"2000\" src=\"https:\/\/i1.wp.com\/www.gimnasticna-zveza.si\/wp-content\/uploads\/2022\/06\/A17I0347-1024x683.jpg\" data-amp-layout=\"responsive\"\/><\/figure><\/div><\/div><div class=\"tiled-gallery__row\"><div class=\"tiled-gallery__col\" style=\"flex-basis:100.00000%\"><figure class=\"tiled-gallery__item\"><img decoding=\"async\" alt=\"\" data-height=\"1332\" data-id=\"3970\" data-link=\"https:\/\/www.gimnasticna-zveza.si\/?attachment_id=3970\" data-url=\"https:\/\/www.gimnasticna-zveza.si\/wp-content\/uploads\/2022\/06\/A17I0317-1024x682.jpg\" data-width=\"2000\" src=\"https:\/\/i0.wp.com\/www.gimnasticna-zveza.si\/wp-content\/uploads\/2022\/06\/A17I0317-1024x682.jpg\" data-amp-layout=\"responsive\"\/><\/figure><\/div><\/div><\/div><\/div>\n\n\n\n<h4 class=\"wp-block-heading\">O vstopnicah<\/h4>\n\n\n\n<p>Vsi dogodki razen finalov 17. svetovnega pokala v \u0161portni gimnastiki so brezpla\u010dni.<\/p>\n\n\n\n<p>Vstopnice za finale so:<\/p>\n\n\n\n<ul class=\"wp-block-list\"><li>enodnevna vstopnica: 9 EUR,<\/li><li>dvodenva vstopnica: 15 EUR.<\/li><\/ul>\n\n\n\n<p>Vstopnice lahko kupite na <a href=\"http:\/\/slogym.si\/\">spletni strani svetovnega pokala<\/a>, v pisarni Gimnasti\u010dne zveze Slovenije v Ljubljani (samo do torka, 14. junija) in na blagajni Arene Bonifika v \u010dasu filanov.<\/p>\n","protected":false},"excerpt":{"rendered":"<p>Kon\u010dno je \u010das za najve\u010dji slovenski gimnasti\u010dni dogodek! In letos<span class=\"excerpt-hellip\"> [\u2026]<\/span><\/p>\n","protected":false},"author":3,"featured_media":3962,"comment_status":"open","ping_status":"open","sticky":false,"template":"","format":"standard","meta":{"_monsterinsights_skip_tracking":false,"_monsterinsights_sitenote_active":false,"_monsterinsights_sitenote_note":"","_monsterinsights_sitenote_category":0,"footnotes":""},"categories":[34,30,28],"tags":[],"class_list":["post-3961","post","type-post","status-publish","format-standard","has-post-thumbnail","hentry","category-fig-in-ueg","category-svetovni-pokal-v-sportni-gimnastiki","category-vrhunski-sport"],"_links":{"self":[{"href":"https:\/\/gimnasticna-zveza.si\/index.php\/wp-json\/wp\/v2\/posts\/3961","targetHints":{"allow":["GET"]}}],"collection":[{"href":"https:\/\/gimnasticna-zveza.si\/index.php\/wp-json\/wp\/v2\/posts"}],"about":[{"href":"https:\/\/gimnasticna-zveza.si\/index.php\/wp-json\/wp\/v2\/types\/post"}],"author":[{"embeddable":true,"href":"https:\/\/gimnasticna-zveza.si\/index.php\/wp-json\/wp\/v2\/users\/3"}],"replies":[{"embeddable":true,"href":"https:\/\/gimnasticna-zveza.si\/index.php\/wp-json\/wp\/v2\/comments?post=3961"}],"version-history":[{"count":1,"href":"https:\/\/gimnasticna-zveza.si\/index.php\/wp-json\/wp\/v2\/posts\/3961\/revisions"}],"predecessor-version":[{"id":3971,"href":"https:\/\/gimnasticna-zveza.si\/index.php\/wp-json\/wp\/v2\/posts\/3961\/revisions\/3971"}],"wp:featuredmedia":[{"embeddable":true,"href":"https:\/\/gimnasticna-zveza.si\/index.php\/wp-json\/wp\/v2\/media\/3962"}],"wp:attachment":[{"href":"https:\/\/gimnasticna-zveza.si\/index.php\/wp-json\/wp\/v2\/media?parent=3961"}],"wp:term":[{"taxonomy":"category","embeddable":true,"href":"https:\/\/gimnasticna-zveza.si\/index.php\/wp-json\/wp\/v2\/categories?post=3961"},{"taxonomy":"post_tag","embeddable":true,"href":"https:\/\/gimnasticna-zveza.si\/index.php\/wp-json\/wp\/v2\/tags?post=3961"}],"curies":[{"name":"wp","href":"https:\/\/api.w.org\/{rel}","templated":true}]}}