{"id":3756,"date":"2022-02-23T13:07:14","date_gmt":"2022-02-23T11:07:14","guid":{"rendered":"http:\/\/www.gimnasticna-zveza.si\/?p=3756"},"modified":"2022-02-23T13:12:34","modified_gmt":"2022-02-23T11:12:34","slug":"gimnasticna-zveza-slovenije-predstavila-reprezentance-za-sezono-2022-in-podpisala-novo-pogodbo-z-generalnim-sponzorjem-druzbo-btc","status":"publish","type":"post","link":"https:\/\/gimnasticna-zveza.si\/index.php\/2022\/02\/23\/gimnasticna-zveza-slovenije-predstavila-reprezentance-za-sezono-2022-in-podpisala-novo-pogodbo-z-generalnim-sponzorjem-druzbo-btc\/","title":{"rendered":"Gimnasti\u010dna zveza Slovenije predstavila reprezentance za sezono 2022 in podpisala novo pogodbo z generalnim sponzorjem, dru\u017ebo BTC"},"content":{"rendered":"\n<p>Gimnasti\u010dna zveza Slovenije je ponosna, da dru\u017eba BTC nadaljuje svojo podporo slovenski gimnastiki, sodelovanje, ki se je za\u010delo v letu 2000. Sodelovanje med BTC in zvezo poteka na razli\u010dnih ravneh, v zadnjih \u0161tirih letih pa je s predsednikom mag. Damjanom Kraljem \u0161e posebej intenzivno. S tem ostaja eden klju\u010dnih podpornikov razvoja gimnastike v Sloveniji in \u0161portnikom omogo\u010da bolj\u0161e pogoje za izvajanje treningov in priprav ter udele\u017ebo na mednarodnih tekmovanjih.<\/p>\n\n\n\n<div class=\"wp-block-jetpack-tiled-gallery aligncenter is-style-rectangular\"><div class=\"tiled-gallery__gallery\"><div class=\"tiled-gallery__row\"><div class=\"tiled-gallery__col\" style=\"flex-basis:45.77466%\"><figure class=\"tiled-gallery__item\"><img decoding=\"async\" alt=\"\" data-height=\"1707\" data-id=\"3782\" data-link=\"https:\/\/www.gimnasticna-zveza.si\/btc-dodatek-5\/\" data-url=\"https:\/\/www.gimnasticna-zveza.si\/wp-content\/uploads\/2022\/02\/BTC-dodatek-5-1024x683.jpg\" data-width=\"2560\" src=\"https:\/\/i0.wp.com\/www.gimnasticna-zveza.si\/wp-content\/uploads\/2022\/02\/BTC-dodatek-5-1024x683.jpg\" data-amp-layout=\"responsive\"\/><\/figure><\/div><div class=\"tiled-gallery__col\" style=\"flex-basis:54.22534%\"><figure class=\"tiled-gallery__item\"><img decoding=\"async\" alt=\"\" data-height=\"1440\" data-id=\"3778\" data-link=\"https:\/\/www.gimnasticna-zveza.si\/btc-dodatek-2\/\" data-url=\"https:\/\/www.gimnasticna-zveza.si\/wp-content\/uploads\/2022\/02\/BTC-dodatek-2-1024x576.jpg\" data-width=\"2560\" src=\"https:\/\/i2.wp.com\/www.gimnasticna-zveza.si\/wp-content\/uploads\/2022\/02\/BTC-dodatek-2-1024x576.jpg\" data-amp-layout=\"responsive\"\/><\/figure><\/div><\/div><\/div><\/div>\n\n\n\n<p>\u00bb<em>Zavedam se, koliko zahtevnih treningov in discipline stoji za uspehi na\u0161ih \u0161portnikov, zato sem ponosen, da jim v dru\u017ebi BTC lahko stojimo ob strani in skrbimo za bolj\u0161e pogoje vadbe, za bolj\u0161e delovanje klubov in izvedbo tekmovanj. Gimnasti\u010dna zveza Slovenije se lahko pohvali, da je vzgojila \u0161portnike, ki so sposobni posegati po vrhunskih rezultatih prav na vseh ravneh tekmovanj, pomembno vlogo pa ima tudi sponzorska podpora, ki \u0161portnike \u0161e dodatno spodbuja in jim olaj\u0161a pot do uresni\u010ditve njihovih sanj. Kot predsednik Gimnasti\u010dne zveze Slovenije si bom tudi v prihodnje prizadeval za dvig kvalitete delovanja zveze in krepitev gimnasti\u010dnih panog,<\/em>\u00ab izpostavlja\u00a0<strong>mag. Damjan Kralj<\/strong>, predsednik Gimnasti\u010dne zveze Slovenije in glavni izvr\u0161ni direktor dru\u017ebe BTC.<\/p>\n\n\n\n<p>Ob podpisu pogodb je&nbsp;<strong>Miha Mermal<\/strong>, izvr\u0161ni direktor za podro\u010dje marketinga in trajnostnega razvoja v dru\u017ebi BTC, povedal:&nbsp;<em>\u00bbVerjamemo, da s podporo lahko pripomoremo k razvoju in prepoznavnosti slovenske gimnastike ter posredno krepimo zavedanje o pomembnosti aktivnega \u017eivljenjskega sloga. Posebno ponosen sem, da na \u0161portni poti spodbujamo tudi mlaj\u0161e generacije, ki so prihodnji predstavniki slovenske gimnastike na doma\u010dih in mednarodnih tekmovanjih. Ob dana\u0161njem podpisu pogodb vsem \u0161portnikom in njihovemu strokovnemu timu \u017eelim uspe\u0161no sezono.\u00ab<\/em><\/p>\n\n\n\n<p>Gimnasti\u010dna zveza Slovenije je predstavila reprezentance, ki bodo v mo\u0161ki in \u017eenski \u0161portni gimnastiki ter ritmi\u010dni gimnastiki nastopale v sezoni 2022.<\/p>\n\n\n\n<p><strong>Mo\u0161ka \u0161portna gimnastika<\/strong><\/p>\n\n\n\n<p>Predsednik strokovnega odbora: Alja\u017e Vogrinec<\/p>\n\n\n\n<p><em>Reprezentanca:<\/em><\/p>\n\n\n\n<ul class=\"wp-block-list\"><li>Luka Bojanc (trener Sebastijan Pileti\u010d, \u0160D Narodni dom Ljubljana),<\/li><li>Nikolaj Bo\u017ei\u010d (trener Sebastijan Pileti\u010d, \u0160D Narodni dom Ljubljana),<\/li><li>Luka Ki\u0161ek (trener Gregor Saksida, Partizan Vi\u010d).<\/li><\/ul>\n\n\n\n<p>Najve\u010d sprememb je mo\u010d opaziti prav v mo\u0161ki \u0161portni gimnastiki, kjer po tekmovalni upokojitvi vajeti prevzemajo mlaj\u0161i. Tekmovalni cilji \u010dlanske reprezentance so dobre uvrstitve na Sredozemskih igrah in tekmah za svetovni pokal (Cottbus, Doha, Kairo in Baku) in challenge pokalih (Varna, Osijek in doma\u010de tekmovanje v Kopru). Cilj je dobra uvrstitev vsaj enega tekmovalca na Svetovnem prvenstvu v Liverpoolu 2022 (oktober 2022), na svetovnih in challenge pokalih pa uvrstitev med 12. najbolj\u0161ih tekmovalcev.<\/p>\n\n\n\n<p><em>Reprezentanca:<\/em><\/p>\n\n\n\n<ul class=\"wp-block-list\"><li>An\u017ee Hribar (trener Franci Rojc, \u0160D Sokol Be\u017eigrad)<\/li><li>Gregor Rakovi\u010d (trener Alja\u017e Vogrinec, \u0160D Center Maribor),<\/li><li>Tin \u0160tros (trener Alja\u017e Vogrinec \u0160D Center Maribor),<\/li><li>Kevin George Buckley (\u0160D Narodni dom),<\/li><li>Jure Podobnik (\u0160D Narodni dom).<\/li><\/ul>\n\n\n\n<p>Mo\u0161ka \u0161portna gimnastika lahko upravi\u010deno pri\u010dakuje veliko tudi od mladinske reprezentance, za katero bosta dva pomembna cilja nastop na Olimpijskem festivalu evropske mladine v Banski Bistrici in Evropsko prvenstvo za mladince v M\u00fcnchnu. Na obeh tekmovanjih je cilj dve finali mnogoboja in dve finali po orodjih.<\/p>\n\n\n\n<p><strong>\u017denska \u0161portna gimnastika<\/strong><\/p>\n\n\n\n<p>predsednik strokovnega odbora: mag. Klemen Bedenik<\/p>\n\n\n\n<p>Reprezentanca v \u017eenski \u0161portni gimnastiki je v leto\u0161nji sezoni izpopolnjena na na\u010din, ki daje upanje na dobre uvrstitve slovenskih reprezentantk tako posameznic kot tudi ekipe. Tja\u0161a Kysselef je lansko sezono kon\u010dala na 5. mestu na evropskem prvenstvu, svoje prve stopni\u010dke na tekmah za svetovne pokale pa je za\u010dela osvajati tudi Lucija Hribar. V leto\u0161njem letu se jima bosta pridru\u017eili \u0161e Teja Belak, ki se vra\u010da na tekmovali\u0161\u010da po porodu in Zala Trtnik, za katero bo sezona 2022 prva \u010dlanska po zelo uspe\u0161ni karieri v mladinski reprezentanci.<\/p>\n\n\n\n<p><em>Reprezentanca:<\/em><\/p>\n\n\n\n<ul class=\"wp-block-list\"><li>Tja\u0161a Kysselef (trener Andrej Mavri\u010d, GD Zelena jama),<\/li><li>Teja Belak, (trener Andrej Mavri\u010d, GD Zelena jama),<\/li><li>Lucija Hribar (trenerka Nata\u0161a Retelj, GD Zelena jama),<\/li><li>Zala Trtnik (trener Urban Sever, \u0160D GIB \u0160i\u0161ka Ljubljana),<\/li><\/ul>\n\n\n\n<p>Cilji:<\/p>\n\n\n\n<ul class=\"wp-block-list\"><li>uvrstitev dveh tekmovalk v finale evropskega prvenstva,<\/li><li>uvrstitev ekipe na svetovno prvenstvo 2023,<\/li><li>osvojitev treh medalj na sredozemskih igrah.<\/li><\/ul>\n\n\n\n<p><strong>Ritmi\u010dna gimnastika<\/strong><\/p>\n\n\n\n<p>predsednica strokovnega odbora: Alena Yakubouskaya<\/p>\n\n\n\n<p>Po sezoni 2021, ki je bila s prvo slovensko tekmovalko na Olimpijskih igrah zgodovinska za slovensko ritmi\u010dno gimnastiko, bo v sezoni 2022 prvo oro\u017eje slovenske reprezentance \u0161e naprej Ekaterina Vedeneeva.<\/p>\n\n\n\n<p>Reprezentanca:<\/p>\n\n\n\n<ul class=\"wp-block-list\"><li>Ekaterina Vedeneeva (trenerka Alena Drozhanova, KRG TiM),<\/li><li>Karina Gerkaman Salauyova (trenerki Alena Salauyova, Alena Yakubouskaya, KRG Narodni dom),<\/li><li>Brigita Kra\u0161ovec (trenerki Tina \u010cas in Ana Kokalj, \u0160D Moste),<\/li><li>Tina Hajdinjak (trenerki Alena Salauyova, Alena Yakubouskaya, KRG Narodni dom),<\/li><li>Nastja Podvratnik (trenerki Sara Kragulj in Mojca Rode, KRG TiM),<\/li><li>Tiana Aksentijevi\u010d (trenerki Sara Kragulj in Mojca Rode, KRG TiM).<\/li><\/ul>\n\n\n\n<p><em>Glavna tekmovanja:<\/em><\/p>\n\n\n\n<ul class=\"wp-block-list\"><li>Evropsko prvenstvo v ritmi\u010dni gimnastiki, Tel Aviv, ISR 16.-19. 2022 junij, \u010dlanice ekipno (2-3 tekmovalke), mladinke ekipno (2-4 tekmovalke),<\/li><li>Svetovno prvenstvo v ritmi\u010dni gimnastiki, Sofija, BUL, 14.-18. september 2022, \u010dlanice<\/li><li>Svetovne igre Birmingham, USA 7.-17. julij 2022,<\/li><li>Univerziada, Chegdu, CHN 27.-29. junij 2022, \u010dlanice,<\/li><li>Svetovni pokali (Sofija, Ta\u0161kent, Baku, Pesaro),<\/li><li>Challenge pokali (Pamplona, Portimao, Moskva, Minsk).<\/li><\/ul>\n\n\n\n<div class=\"wp-block-jetpack-tiled-gallery aligncenter is-style-rectangular\"><div class=\"tiled-gallery__gallery\"><div class=\"tiled-gallery__row\"><div class=\"tiled-gallery__col\" style=\"flex-basis:66.78742%\"><figure class=\"tiled-gallery__item\"><img decoding=\"async\" alt=\"\" data-height=\"1707\" data-id=\"3784\" data-link=\"https:\/\/www.gimnasticna-zveza.si\/btc-dodatek-7\/\" data-url=\"https:\/\/www.gimnasticna-zveza.si\/wp-content\/uploads\/2022\/02\/BTC-dodatek-7-1024x683.jpg\" data-width=\"2560\" src=\"https:\/\/i2.wp.com\/www.gimnasticna-zveza.si\/wp-content\/uploads\/2022\/02\/BTC-dodatek-7-1024x683.jpg\" data-amp-layout=\"responsive\"\/><\/figure><\/div><div class=\"tiled-gallery__col\" style=\"flex-basis:33.21258%\"><figure class=\"tiled-gallery__item\"><img decoding=\"async\" alt=\"\" data-height=\"1707\" data-id=\"3772\" data-link=\"https:\/\/www.gimnasticna-zveza.si\/btc-15\/\" data-url=\"https:\/\/www.gimnasticna-zveza.si\/wp-content\/uploads\/2022\/02\/BTC-15-1024x683.jpg\" data-width=\"2560\" src=\"https:\/\/i0.wp.com\/www.gimnasticna-zveza.si\/wp-content\/uploads\/2022\/02\/BTC-15-1024x683.jpg\" data-amp-layout=\"responsive\"\/><\/figure><figure class=\"tiled-gallery__item\"><img decoding=\"async\" alt=\"\" data-height=\"1707\" data-id=\"3770\" data-link=\"https:\/\/www.gimnasticna-zveza.si\/btc-13\/\" data-url=\"https:\/\/www.gimnasticna-zveza.si\/wp-content\/uploads\/2022\/02\/BTC-13-1024x683.jpg\" data-width=\"2560\" src=\"https:\/\/i0.wp.com\/www.gimnasticna-zveza.si\/wp-content\/uploads\/2022\/02\/BTC-13-1024x683.jpg\" data-amp-layout=\"responsive\"\/><\/figure><\/div><\/div><\/div><\/div>\n\n\n\n<p>Za Gimnasti\u010dno zvezo Slovenije ostaja glavno doma\u010de tekmovanje tekma za svetovni pokal v \u0161portni gimnastiki, ki ostaja na Obali. V leto\u0161njem letu se tekmovanje vra\u010da v svoj pred-poletni termin in bo potekal med 16. in 19. junijem v Kopru.<\/p>\n","protected":false},"excerpt":{"rendered":"<p>Gimnasti\u010dna zveza Slovenije je ponosna, da dru\u017eba BTC nadaljuje svojo<span class=\"excerpt-hellip\"> [\u2026]<\/span><\/p>\n","protected":false},"author":3,"featured_media":3760,"comment_status":"open","ping_status":"open","sticky":false,"template":"","format":"standard","meta":{"_monsterinsights_skip_tracking":false,"_monsterinsights_sitenote_active":false,"_monsterinsights_sitenote_note":"","_monsterinsights_sitenote_category":0,"footnotes":""},"categories":[31,35,28],"tags":[],"class_list":["post-3756","post","type-post","status-publish","format-standard","has-post-thumbnail","hentry","category-gimnastika","category-mladinski-sport","category-vrhunski-sport"],"_links":{"self":[{"href":"https:\/\/gimnasticna-zveza.si\/index.php\/wp-json\/wp\/v2\/posts\/3756","targetHints":{"allow":["GET"]}}],"collection":[{"href":"https:\/\/gimnasticna-zveza.si\/index.php\/wp-json\/wp\/v2\/posts"}],"about":[{"href":"https:\/\/gimnasticna-zveza.si\/index.php\/wp-json\/wp\/v2\/types\/post"}],"author":[{"embeddable":true,"href":"https:\/\/gimnasticna-zveza.si\/index.php\/wp-json\/wp\/v2\/users\/3"}],"replies":[{"embeddable":true,"href":"https:\/\/gimnasticna-zveza.si\/index.php\/wp-json\/wp\/v2\/comments?post=3756"}],"version-history":[{"count":3,"href":"https:\/\/gimnasticna-zveza.si\/index.php\/wp-json\/wp\/v2\/posts\/3756\/revisions"}],"predecessor-version":[{"id":3786,"href":"https:\/\/gimnasticna-zveza.si\/index.php\/wp-json\/wp\/v2\/posts\/3756\/revisions\/3786"}],"wp:featuredmedia":[{"embeddable":true,"href":"https:\/\/gimnasticna-zveza.si\/index.php\/wp-json\/wp\/v2\/media\/3760"}],"wp:attachment":[{"href":"https:\/\/gimnasticna-zveza.si\/index.php\/wp-json\/wp\/v2\/media?parent=3756"}],"wp:term":[{"taxonomy":"category","embeddable":true,"href":"https:\/\/gimnasticna-zveza.si\/index.php\/wp-json\/wp\/v2\/categories?post=3756"},{"taxonomy":"post_tag","embeddable":true,"href":"https:\/\/gimnasticna-zveza.si\/index.php\/wp-json\/wp\/v2\/tags?post=3756"}],"curies":[{"name":"wp","href":"https:\/\/api.w.org\/{rel}","templated":true}]}}