{"id":3386,"date":"2021-10-20T16:25:34","date_gmt":"2021-10-20T14:25:34","guid":{"rendered":"http:\/\/www.gimnasticna-zveza.si\/?p=3386"},"modified":"2021-10-20T16:25:39","modified_gmt":"2021-10-20T14:25:39","slug":"bertoncelj-kot-15-na-svetu-koncal-kariero-najbolj-se-veseli-dobre-hrane","status":"publish","type":"post","link":"https:\/\/gimnasticna-zveza.si\/index.php\/2021\/10\/20\/bertoncelj-kot-15-na-svetu-koncal-kariero-najbolj-se-veseli-dobre-hrane\/","title":{"rendered":"Bertoncelj kot 15. na svetu kon\u010dal kariero, najbolj se veseli dobre hrane"},"content":{"rendered":"\n<p>Fukuoka, 20. oktobra (STA) &#8211; Najbolj\u0161i slovenski telovadec Sa\u0161o Bertoncelj, ki je pogumno prevzel taktirko prve violine slovenske gimnastike po odhodu legendarnega dvojca Alja\u017e Pegan &#8211; Mitja Petkov\u0161ek, je na svetovnem prvenstvu v japonskem Kitakyushuju kon\u010dal kariero. Njegov zadnji nastop na konju z ro\u010daji je bil, kot pravi, soliden, zato ni\u010desar ne ob\u017ealuje.<\/p>\n\n\n\n<p><strong>Izku\u0161eni telovadec je nastopil \u017ee na svojem 13. svetovnem prvenstvu<\/strong><\/p>\n\n\n\n<p>Bertoncelj je svoje 13. prvenstvo sveta v karieri kon\u010dal na 15. mestu z oceno 14,133 to\u010dke, prikazal je sestavo s te\u017eavnostjo 16,1 to\u010dke, slab\u0161a izvedba (8,033) pa je po prvem dnevu kvalifikacij pomenila peto mesto. Nekaj upanja za finalni nastop najbolj\u0161e osmerice je \u0161e ostalo, vendar je danes kmalu postalo jasno, da finala zanj tokrat ne bo.<\/p>\n\n\n\n<p>Kot je dejal 37-letni telovadec pred odhodom, je po dolgem \u010dasu in obdobju, polnem po\u0161kodb (od leta 2018 in srebra na evropskem prvenstvu naprej), veliko tekmovanje pri\u010dakal dobro pripravljen. Kvalifikacijska sestava mu je solidno uspela, a kot je dejal za STA, je v njej nanizal preve\u010d drobnih napak.<\/p>\n\n\n\n<p>&#8220;Vaja ni bila slaba, sploh ne. Vendar se je nabralo preve\u010d majhnih napak skozi nastop. Pol to\u010dke ali ve\u010d povsem nepotrebnega odbitka. Mislim, da ne bo dovolj za finale, te\u017eko verjamem, da se lahko prebijem med osmerico,&#8221; je po torkovem nastopu za STA dejal \u0160kofjelo\u010dan in &#8220;na oko&#8221; ocenil, da bo kon\u010dal nekje okrog 13. mesta.<\/p>\n\n\n\n<p>Ni se veliko zmotil, saj je med 96 &#8220;konjeniki&#8221; prvenstvo kon\u010dal kot 15. na svetu. za finale bi moral zbrati precej ve\u010d; osmi v kvalifikacijah, Hrvat Filip Ude, si je za nastop prislu\u017eil 14,866 to\u010dke.<\/p>\n\n\n\n<p>&#8220;\u0160koda, vedno je \u0161koda tak\u0161nih tekem, vsakega finala je \u0161koda. Ampak ne glede na to, si nimam \u010desa o\u010ditati. Dal sem vse od sebe in lahko sem zadovoljen,&#8221; je danes za STA z letali\u0161\u010da &#8211; slovenska ekipa se \u017ee odpravlja v domovino &#8211; misli strnil Bertoncelj.<\/p>\n\n\n\n<p><strong>Napo\u010dil je \u010das za menjavo generacij<\/strong><\/p>\n\n\n\n<p>&#8220;\u010cas je, da se generacija zamenja. Pride \u010das, ko se lahko z razlogom umakne\u0161 iz vrhunskega \u0161porta; 15. mesto na svetu ni slab dose\u017eek, med Evropejci sem bil sedmi. Zato se mirne vesti poslavljam,&#8221; je \u0161e povedal najbolj\u0161i slovenski telovadec in vnovi\u010d poudaril, da je vesel, da se mu je pri 37 letih uspelo tako dobro pripraviti za SP.<\/p>\n\n\n\n<p>&#8220;Vse od &#8216;kiksa&#8217; na SP leta 2018 v Dohi sem se ubadal s po\u0161kodbami. \u010cetudi sem se lahko za to prvenstvo dobro pripravil, pa nikoli ne ve\u0161, kdaj bodo vse te po\u0161kodbe spet pri\u0161le na plan. Telo mi enostavno ne dopu\u0161\u010da ve\u010d tako ostre vadbe kot neko\u010d,&#8221; je \u0161e povedal slovenski konjenik, ki mu je na SP najbolj\u0161i dose\u017eek uspel s \u010detrtim mestom leta 2014 v kitajskem Nanningu.<\/p>\n\n\n\n<p>V skoraj 15-letni profesionalni karieri &#8211; gimnastiko sicer vadi \u017ee 30 let pod vodstvom trenerja Sebastijana Pileti\u010da v Narodnem domu &#8211; je Bertoncelj na svetovnih pokalih in izzivih nanizal kar 38 uvrstitev na stopni\u010dke svetovnega pokala, od tega ima tudi deset zmag; prvo je osvojil v Ostravi leta 2007. Kar petkrat je sezono kon\u010dal kot skupni zmagovalec svetovnega pokala na konju z ro\u010daji (2012, 2013, 2016, 2017, 2018).<\/p>\n\n\n\n<p>Zmagal je tudi na prvih evropskih igrah (2015), postal sredozemski (2013) in univerzitetni prvak (2007), z 18 evropskih prvenstev pa ima tri kolajne: leta 2018 je v Glasgowu osvojil srebro, v zbirko pa je dodal \u0161e dva brona leta 2010 v Birminghamu in 2014 v Sofiji.<\/p>\n\n\n\n<p><strong>Ob prihodu domov se najbolj veseli dobre hrane<\/strong><\/p>\n\n\n\n<p>Bertoncelj je na vpra\u0161anje, \u010desa se najbolj veseli ob prihodu domov z Japonske, izstrelil: &#8220;Dobre hrane.&#8221; V smehu je dodal: &#8220;Najbolj se veselim dobre hrane, Nine (njegova \u017eena, op. STA) in otrok. Ne nujno v tem vrstnem redu.&#8221;<\/p>\n\n\n\n<p>Pojasnil je, da se v prihajajo\u010dih dnevih in tednih veseli tudi nekaj prostega \u010dasa, ki ga med kariero ni imel veliko, saj je bil vedno profesionalec v pravem pomenu besede, vedno je skrbel za telo vse leto, kar mu je nenazadnje tudi omogo\u010dilo tako dolgo in uspe\u0161no kariero.<\/p>\n\n\n\n<p>&#8220;Veselim se tudi malo prostega \u010dasa, ker sem ga doslej imel zelo malo. Nato pa se \u017ee veselim tudi nadaljnjih izzivov v \u017eivljenju, ki me \u010dakajo z novim letom,&#8221; je z letali\u0161\u010da pred odhodom v domovino \u0161e povedal Bertoncelj.<\/p>\n","protected":false},"excerpt":{"rendered":"<p>Fukuoka, 20. oktobra (STA) &#8211; Najbolj\u0161i slovenski telovadec Sa\u0161o Bertoncelj,<span class=\"excerpt-hellip\"> [\u2026]<\/span><\/p>\n","protected":false},"author":3,"featured_media":3384,"comment_status":"open","ping_status":"open","sticky":false,"template":"","format":"standard","meta":{"_monsterinsights_skip_tracking":false,"_monsterinsights_sitenote_active":false,"_monsterinsights_sitenote_note":"","_monsterinsights_sitenote_category":0,"footnotes":""},"categories":[28],"tags":[],"class_list":["post-3386","post","type-post","status-publish","format-standard","has-post-thumbnail","hentry","category-vrhunski-sport"],"_links":{"self":[{"href":"https:\/\/gimnasticna-zveza.si\/index.php\/wp-json\/wp\/v2\/posts\/3386","targetHints":{"allow":["GET"]}}],"collection":[{"href":"https:\/\/gimnasticna-zveza.si\/index.php\/wp-json\/wp\/v2\/posts"}],"about":[{"href":"https:\/\/gimnasticna-zveza.si\/index.php\/wp-json\/wp\/v2\/types\/post"}],"author":[{"embeddable":true,"href":"https:\/\/gimnasticna-zveza.si\/index.php\/wp-json\/wp\/v2\/users\/3"}],"replies":[{"embeddable":true,"href":"https:\/\/gimnasticna-zveza.si\/index.php\/wp-json\/wp\/v2\/comments?post=3386"}],"version-history":[{"count":1,"href":"https:\/\/gimnasticna-zveza.si\/index.php\/wp-json\/wp\/v2\/posts\/3386\/revisions"}],"predecessor-version":[{"id":3387,"href":"https:\/\/gimnasticna-zveza.si\/index.php\/wp-json\/wp\/v2\/posts\/3386\/revisions\/3387"}],"wp:featuredmedia":[{"embeddable":true,"href":"https:\/\/gimnasticna-zveza.si\/index.php\/wp-json\/wp\/v2\/media\/3384"}],"wp:attachment":[{"href":"https:\/\/gimnasticna-zveza.si\/index.php\/wp-json\/wp\/v2\/media?parent=3386"}],"wp:term":[{"taxonomy":"category","embeddable":true,"href":"https:\/\/gimnasticna-zveza.si\/index.php\/wp-json\/wp\/v2\/categories?post=3386"},{"taxonomy":"post_tag","embeddable":true,"href":"https:\/\/gimnasticna-zveza.si\/index.php\/wp-json\/wp\/v2\/tags?post=3386"}],"curies":[{"name":"wp","href":"https:\/\/api.w.org\/{rel}","templated":true}]}}