{"id":2919,"date":"2021-08-16T18:30:32","date_gmt":"2021-08-16T16:30:32","guid":{"rendered":"http:\/\/www.gimnasticna-zveza.si\/?p=2919"},"modified":"2021-08-16T18:30:36","modified_gmt":"2021-08-16T16:30:36","slug":"vesna-stavrev-pozdravi-s-finske","status":"publish","type":"post","link":"https:\/\/gimnasticna-zveza.si\/index.php\/2021\/08\/16\/vesna-stavrev-pozdravi-s-finske\/","title":{"rendered":"Vesna Stavrev: pozdravi s Finske"},"content":{"rendered":"\n<p>Tradicionalni Evropski gimnasti\u010dni kamp se je obi\u010dajno odvijal v Tirreniji. Po dolgih letih se je \u00bbpreselil\u00ab na Finsko, natan\u010dneje v Olimpijski trening center v Kuortane. Kamp traja 9 dni. Leto\u0161njega kampa se je udele\u017eilo 33 tekmovalk in 29 trenerjev iz 15 dr\u017eav. Je odli\u010dna kombinacija tako strokovno vodenih treningov, kot tudi dru\u017eenja in drugih aktivnosti v naravi.<\/p>\n\n\n\n<p>Obi\u010dajen dan je sestavljen iz 3,5 urnega treninga po orodjih, na katerem eksperti po orodjih vodijo ali pomagajo pri trena\u017enem procesu. Po kosilu in po\u010ditku pa 1,5 urno koreografijo vodi odli\u010dna koreografinja, ki dekleta zelo dobro pripravi do korektne in spro\u0161\u010dene izvedbe koreografije. Po koreografiji pa je poskrbljeno za vodene aktivnosti v naravi, kot so \u00bbsupanje\u00ab, kajak, igre v naravi, frizbi,\u2026 Zve\u010der pa je organizirano predavanje za trenerje.<\/p>\n\n\n\n<p>Leto\u0161nja udele\u017eenka Luna Babi\u0107 iz \u0160portnega kluba Salto Koper je povedala: \u00bbNa kampu mi je zelo v\u0161e\u010d. Dvorana je zelo velika z dobrimi orodji. Trenerji so dobri, tako strokovnjaki kot tudi trenerji ostalih sodelujo\u010dih deklet. Rada se dru\u017eim z dekleti iz drugih dr\u017eav, najve\u010d prostega \u010dasa pre\u017eivim s \u010cehinjami. Sporazumevamo se v angle\u0161\u010dini, kar je posebej zabavno, saj se v\u010dasih ne razumemo dobro in je potrebno uporabiti tudi roke in noge za la\u017ejo komunikacijo.\u00ab<\/p>\n\n\n\n<p>Kot trenerka Lune in ostalih mlaj\u0161ih generacij deklet sem zelo vesela, da sem se letos udele\u017eila omenjenega kampa. V \u010dasu koronavirusa, v poplavi ne konstantnih treningov in brez rednih tekmovanj je zelo pomembno, da imamo tako trenerji kot tudi dekleta motivacijo in vzpodbudo za nadaljnje delo. Skupni treningi, predavanja, nova poznanstva in dru\u017eenje so pomembne vsebine, ki jih kamp ponuja.<\/p>\n\n\n\n<div class=\"wp-block-jetpack-tiled-gallery aligncenter is-style-rectangular\"><div class=\"tiled-gallery__gallery\"><div class=\"tiled-gallery__row\"><div class=\"tiled-gallery__col\" style=\"flex-basis:46.90519%\"><figure class=\"tiled-gallery__item\"><img decoding=\"async\" alt=\"\" data-height=\"1920\" data-id=\"2924\" data-link=\"https:\/\/www.gimnasticna-zveza.si\/?attachment_id=2924\" data-url=\"https:\/\/www.gimnasticna-zveza.si\/wp-content\/uploads\/2021\/08\/IMG-4641-scaled.jpg\" data-width=\"2560\" src=\"https:\/\/i0.wp.com\/www.gimnasticna-zveza.si\/wp-content\/uploads\/2021\/08\/IMG-4641-scaled.jpg\" data-amp-layout=\"responsive\"\/><\/figure><figure class=\"tiled-gallery__item\"><img decoding=\"async\" alt=\"\" data-height=\"1920\" data-id=\"2920\" data-link=\"https:\/\/www.gimnasticna-zveza.si\/?attachment_id=2920\" data-url=\"https:\/\/www.gimnasticna-zveza.si\/wp-content\/uploads\/2021\/08\/IMG-4466-scaled.jpg\" data-width=\"2560\" src=\"https:\/\/i1.wp.com\/www.gimnasticna-zveza.si\/wp-content\/uploads\/2021\/08\/IMG-4466-scaled.jpg\" data-amp-layout=\"responsive\"\/><\/figure><\/div><div class=\"tiled-gallery__col\" style=\"flex-basis:53.09481%\"><figure class=\"tiled-gallery__item\"><img decoding=\"async\" alt=\"\" data-height=\"2560\" data-id=\"2922\" data-link=\"https:\/\/www.gimnasticna-zveza.si\/?attachment_id=2922\" data-url=\"https:\/\/www.gimnasticna-zveza.si\/wp-content\/uploads\/2021\/08\/IMG-4536-scaled.jpg\" data-width=\"1920\" src=\"https:\/\/i1.wp.com\/www.gimnasticna-zveza.si\/wp-content\/uploads\/2021\/08\/IMG-4536-scaled.jpg\" data-amp-layout=\"responsive\"\/><\/figure><\/div><\/div><div class=\"tiled-gallery__row\"><div class=\"tiled-gallery__col\" style=\"flex-basis:26.51355%\"><figure class=\"tiled-gallery__item\"><img decoding=\"async\" alt=\"\" data-height=\"2560\" data-id=\"2921\" data-link=\"https:\/\/www.gimnasticna-zveza.si\/?attachment_id=2921\" data-url=\"https:\/\/www.gimnasticna-zveza.si\/wp-content\/uploads\/2021\/08\/IMG-4513-scaled.jpg\" data-width=\"1920\" src=\"https:\/\/i0.wp.com\/www.gimnasticna-zveza.si\/wp-content\/uploads\/2021\/08\/IMG-4513-scaled.jpg\" data-amp-layout=\"responsive\"\/><\/figure><\/div><div class=\"tiled-gallery__col\" style=\"flex-basis:46.97290%\"><figure class=\"tiled-gallery__item\"><img decoding=\"async\" alt=\"\" data-height=\"1923\" data-id=\"2923\" data-link=\"https:\/\/www.gimnasticna-zveza.si\/?attachment_id=2923\" data-url=\"https:\/\/www.gimnasticna-zveza.si\/wp-content\/uploads\/2021\/08\/IMG-4623-scaled.jpg\" data-width=\"2560\" src=\"https:\/\/i0.wp.com\/www.gimnasticna-zveza.si\/wp-content\/uploads\/2021\/08\/IMG-4623-scaled.jpg\" data-amp-layout=\"responsive\"\/><\/figure><\/div><div class=\"tiled-gallery__col\" style=\"flex-basis:26.51355%\"><figure class=\"tiled-gallery__item\"><img decoding=\"async\" alt=\"\" data-height=\"2560\" data-id=\"2925\" data-link=\"https:\/\/www.gimnasticna-zveza.si\/?attachment_id=2925\" data-url=\"https:\/\/www.gimnasticna-zveza.si\/wp-content\/uploads\/2021\/08\/IMG-4828-scaled.jpg\" data-width=\"1920\" src=\"https:\/\/i1.wp.com\/www.gimnasticna-zveza.si\/wp-content\/uploads\/2021\/08\/IMG-4828-scaled.jpg\" data-amp-layout=\"responsive\"\/><\/figure><\/div><\/div><div class=\"tiled-gallery__row\"><div class=\"tiled-gallery__col\" style=\"flex-basis:34.71885%\"><figure class=\"tiled-gallery__item\"><img decoding=\"async\" alt=\"\" data-height=\"2560\" data-id=\"2926\" data-link=\"https:\/\/www.gimnasticna-zveza.si\/?attachment_id=2926\" data-url=\"https:\/\/www.gimnasticna-zveza.si\/wp-content\/uploads\/2021\/08\/IMG-4830-scaled.jpg\" data-width=\"1920\" src=\"https:\/\/i0.wp.com\/www.gimnasticna-zveza.si\/wp-content\/uploads\/2021\/08\/IMG-4830-scaled.jpg\" data-amp-layout=\"responsive\"\/><\/figure><\/div><div class=\"tiled-gallery__col\" style=\"flex-basis:30.56230%\"><figure class=\"tiled-gallery__item\"><img decoding=\"async\" alt=\"\" data-height=\"1920\" data-id=\"2927\" data-link=\"https:\/\/www.gimnasticna-zveza.si\/?attachment_id=2927\" data-url=\"https:\/\/www.gimnasticna-zveza.si\/wp-content\/uploads\/2021\/08\/IMG-4833-scaled.jpg\" data-width=\"2560\" src=\"https:\/\/i0.wp.com\/www.gimnasticna-zveza.si\/wp-content\/uploads\/2021\/08\/IMG-4833-scaled.jpg\" data-amp-layout=\"responsive\"\/><\/figure><figure class=\"tiled-gallery__item\"><img decoding=\"async\" alt=\"\" data-height=\"1920\" data-id=\"2928\" data-link=\"https:\/\/www.gimnasticna-zveza.si\/?attachment_id=2928\" data-url=\"https:\/\/www.gimnasticna-zveza.si\/wp-content\/uploads\/2021\/08\/IMG-4835-scaled.jpg\" data-width=\"2560\" src=\"https:\/\/i1.wp.com\/www.gimnasticna-zveza.si\/wp-content\/uploads\/2021\/08\/IMG-4835-scaled.jpg\" data-amp-layout=\"responsive\"\/><\/figure><\/div><div class=\"tiled-gallery__col\" style=\"flex-basis:34.71885%\"><figure class=\"tiled-gallery__item\"><img decoding=\"async\" alt=\"\" data-height=\"2560\" data-id=\"2929\" data-link=\"https:\/\/www.gimnasticna-zveza.si\/?attachment_id=2929\" data-url=\"https:\/\/www.gimnasticna-zveza.si\/wp-content\/uploads\/2021\/08\/IMG-4969-scaled.jpg\" data-width=\"1920\" src=\"https:\/\/i2.wp.com\/www.gimnasticna-zveza.si\/wp-content\/uploads\/2021\/08\/IMG-4969-scaled.jpg\" data-amp-layout=\"responsive\"\/><\/figure><\/div><\/div><div class=\"tiled-gallery__row\"><div class=\"tiled-gallery__col\" style=\"flex-basis:47.01163%\"><figure class=\"tiled-gallery__item\"><img decoding=\"async\" alt=\"\" data-height=\"1920\" data-id=\"2930\" data-link=\"https:\/\/www.gimnasticna-zveza.si\/?attachment_id=2930\" data-url=\"https:\/\/www.gimnasticna-zveza.si\/wp-content\/uploads\/2021\/08\/IMG-5169-scaled.jpg\" data-width=\"2560\" src=\"https:\/\/i0.wp.com\/www.gimnasticna-zveza.si\/wp-content\/uploads\/2021\/08\/IMG-5169-scaled.jpg\" data-amp-layout=\"responsive\"\/><\/figure><\/div><div class=\"tiled-gallery__col\" style=\"flex-basis:26.49419%\"><figure class=\"tiled-gallery__item\"><img decoding=\"async\" alt=\"\" data-height=\"2560\" data-id=\"2931\" data-link=\"https:\/\/www.gimnasticna-zveza.si\/?attachment_id=2931\" data-url=\"https:\/\/www.gimnasticna-zveza.si\/wp-content\/uploads\/2021\/08\/IMG-5214-scaled.jpg\" data-width=\"1920\" src=\"https:\/\/i0.wp.com\/www.gimnasticna-zveza.si\/wp-content\/uploads\/2021\/08\/IMG-5214-scaled.jpg\" data-amp-layout=\"responsive\"\/><\/figure><\/div><div class=\"tiled-gallery__col\" style=\"flex-basis:26.49419%\"><figure class=\"tiled-gallery__item\"><img decoding=\"async\" alt=\"\" data-height=\"2560\" data-id=\"2932\" data-link=\"https:\/\/www.gimnasticna-zveza.si\/?attachment_id=2932\" data-url=\"https:\/\/www.gimnasticna-zveza.si\/wp-content\/uploads\/2021\/08\/IMG-5258-scaled.jpg\" data-width=\"1920\" src=\"https:\/\/i2.wp.com\/www.gimnasticna-zveza.si\/wp-content\/uploads\/2021\/08\/IMG-5258-scaled.jpg\" data-amp-layout=\"responsive\"\/><\/figure><\/div><\/div><\/div><\/div>\n","protected":false},"excerpt":{"rendered":"<p>Tradicionalni Evropski gimnasti\u010dni kamp se je obi\u010dajno odvijal v Tirreniji.<span class=\"excerpt-hellip\"> [\u2026]<\/span><\/p>\n","protected":false},"author":3,"featured_media":2933,"comment_status":"open","ping_status":"open","sticky":false,"template":"","format":"standard","meta":{"_monsterinsights_skip_tracking":false,"_monsterinsights_sitenote_active":false,"_monsterinsights_sitenote_note":"","_monsterinsights_sitenote_category":0,"footnotes":""},"categories":[35],"tags":[],"class_list":["post-2919","post","type-post","status-publish","format-standard","has-post-thumbnail","hentry","category-mladinski-sport"],"_links":{"self":[{"href":"https:\/\/gimnasticna-zveza.si\/index.php\/wp-json\/wp\/v2\/posts\/2919","targetHints":{"allow":["GET"]}}],"collection":[{"href":"https:\/\/gimnasticna-zveza.si\/index.php\/wp-json\/wp\/v2\/posts"}],"about":[{"href":"https:\/\/gimnasticna-zveza.si\/index.php\/wp-json\/wp\/v2\/types\/post"}],"author":[{"embeddable":true,"href":"https:\/\/gimnasticna-zveza.si\/index.php\/wp-json\/wp\/v2\/users\/3"}],"replies":[{"embeddable":true,"href":"https:\/\/gimnasticna-zveza.si\/index.php\/wp-json\/wp\/v2\/comments?post=2919"}],"version-history":[{"count":1,"href":"https:\/\/gimnasticna-zveza.si\/index.php\/wp-json\/wp\/v2\/posts\/2919\/revisions"}],"predecessor-version":[{"id":2934,"href":"https:\/\/gimnasticna-zveza.si\/index.php\/wp-json\/wp\/v2\/posts\/2919\/revisions\/2934"}],"wp:featuredmedia":[{"embeddable":true,"href":"https:\/\/gimnasticna-zveza.si\/index.php\/wp-json\/wp\/v2\/media\/2933"}],"wp:attachment":[{"href":"https:\/\/gimnasticna-zveza.si\/index.php\/wp-json\/wp\/v2\/media?parent=2919"}],"wp:term":[{"taxonomy":"category","embeddable":true,"href":"https:\/\/gimnasticna-zveza.si\/index.php\/wp-json\/wp\/v2\/categories?post=2919"},{"taxonomy":"post_tag","embeddable":true,"href":"https:\/\/gimnasticna-zveza.si\/index.php\/wp-json\/wp\/v2\/tags?post=2919"}],"curies":[{"name":"wp","href":"https:\/\/api.w.org\/{rel}","templated":true}]}}