{"id":2853,"date":"2021-07-26T09:50:00","date_gmt":"2021-07-26T07:50:00","guid":{"rendered":"http:\/\/www.gimnasticna-zveza.si\/?p=2853"},"modified":"2021-07-26T10:04:32","modified_gmt":"2021-07-26T08:04:32","slug":"gimnastika-na-olimpijskih-igrah-v-tokiu","status":"publish","type":"post","link":"https:\/\/gimnasticna-zveza.si\/index.php\/2021\/07\/26\/gimnastika-na-olimpijskih-igrah-v-tokiu\/","title":{"rendered":"Gimnastika na Olimpijskih igrah v Tokiu"},"content":{"rendered":"\n<p>Med 23. julijem in 8. avgustom bodo v Tokiu potekale <strong>23. poletne Olimpijske igre<\/strong>, kjer bo gimnastika prisotna s tremi panogami:<\/p>\n\n\n\n<ul class=\"wp-block-list\"><li>\u0161portna gimnastika (mo\u0161ka in \u017eenska),<\/li><li>ritmi\u010dna gimnastika,<\/li><li>velika pro\u017ena ponjava.<\/li><\/ul>\n\n\n\n<p>Leto\u0161nje igre so za slovensko gimnastiko ne glede na majhno \u0161tevilo udele\u017eencev vseeno zgodovinske. Prvi\u010d bo Slovenija imela na tem najve\u010djem \u0161portnem tekmovanju tudi predstavnico ritmi\u010dne gimnastike. Uvrstitev na tekmovanje si je z zelo uspe\u0161nimi nastopi na tekmah za svetovni pokal priborila <strong>Ekaterina Vedeneeva,<\/strong> \u010dlanica Kluba za ritmi\u010dno gimnastiko Tim, skupaj s trenerko <strong>Eleno Drozhanovo<\/strong>.<\/p>\n\n\n\n<p>Ne spreglejte profila <a href=\"https:\/\/www.gimnasticna-zveza.si\/index.php\/2021\/07\/26\/profil-ekaterine-vedeneeve\/\">Ekaterine Vedeneeve<\/a>.<\/p>\n\n\n\n<h3 class=\"wp-block-heading\">Urnik tekmovanj<\/h3>\n\n\n\n<p>Gimnastika bo na sporedu vsak dan iger, medtem ko bodo panoge potekale v slede\u010dih dneh:<\/p>\n\n\n\n<p><strong><em>Mo\u0161ka \u0161portna gimnastika<\/em><\/strong><\/p>\n\n\n\n<figure class=\"wp-block-table\"><table><tbody><tr><td><strong>datum<\/strong><\/td><td><strong>ura<\/strong><\/td><td><strong>slovenski \u010das<\/strong><\/td><td><strong>nivo tekmovanja<\/strong><\/td><\/tr><tr><td>sobota, 24. julij 2021<\/td><td>10.00-22.00<\/td><td>03.00-15.00<\/td><td>kvalifikacije<\/td><\/tr><tr><td>ponedeljek, 26. julij 2021<\/td><td>19.00-22.10<\/td><td>12.00-15.10<\/td><td>finale ekip<\/td><\/tr><tr><td>sreda, 28. julij 2021<\/td><td>19.15-22.10<\/td><td>12.15-15.10<\/td><td>finale mnogoboja<\/td><\/tr><tr><td>nedelja, 1. avgust 2021<\/td><td>17.00-17.45<\/td><td>10.00-10.45<\/td><td>finale, parter<\/td><\/tr><tr><td>nedelja, 1. avgust 2021<\/td><td>18.30-19.15<\/td><td>11.30-12.15<\/td><td>finale, konj z ro\u010daji<\/td><\/tr><tr><td>ponedeljek, 2. avgust 2021<\/td><td>17.00-17.45<\/td><td>10.00-10.45<\/td><td>finale, krogi<\/td><\/tr><tr><td>ponedeljek, 2. avgust 2021<\/td><td>18.30-19.15<\/td><td>11.30-12.15<\/td><td>finale, preskok<\/td><\/tr><tr><td>torek, 3. avgust 2021<\/td><td>17.45-18.30<\/td><td>10.45-11.30<\/td><td>finale, bradlja<\/td><\/tr><tr><td>torek, 3. avgust 2021<\/td><td>18.30-19.15<\/td><td>11.30-12.15<\/td><td>finale, drog<\/td><\/tr><\/tbody><\/table><\/figure>\n\n\n\n<p><strong><em>\u017denska \u0161portna gimnastika<\/em><\/strong><\/p>\n\n\n\n<figure class=\"wp-block-table\"><table><tbody><tr><td><strong>datum<\/strong><\/td><td><strong>ura<\/strong><\/td><td><strong>slovenski \u010das<\/strong><\/td><td><strong>nivo tekmovanja<\/strong><\/td><\/tr><tr><td>nedelja, 25. julij 2021<\/td><td>10.00-22.00<\/td><td>03.00-15.00<\/td><td>kvalifikacije<\/td><\/tr><tr><td>torek, 27. julij 2021<\/td><td>19.00-22.10<\/td><td>12.00-15.10<\/td><td>finale ekip<\/td><\/tr><tr><td>\u010detrtek, 29. julij 2021<\/td><td>19.15-22.05<\/td><td>12.00-15.05<\/td><td>finale mnogoboja<\/td><\/tr><tr><td>nedelja, 1. avgust 2021<\/td><td>17.45-18.30<\/td><td>10.45-11.30<\/td><td>finale, preskok<\/td><\/tr><tr><td>nedelja, 1. avgust 2021 <\/td><td>19.15-20.00<\/td><td>12.15-13.00<\/td><td>finale, dvovi\u0161inska bradlja<\/td><\/tr><tr><td>ponedeljek, 2. avgust 2021<\/td><td>17.45-18.30<\/td><td>10.45-11.30<\/td><td>finale, parter<\/td><\/tr><tr><td>torek, 3. avgust 2021<\/td><td>17.45-18.30<\/td><td>10.45-11.30<\/td><td>finale, gred<\/td><\/tr><\/tbody><\/table><\/figure>\n\n\n\n<p><strong><em>Ritmi\u010dna gimnastika<\/em><\/strong><\/p>\n\n\n\n<figure class=\"wp-block-table\"><table><tbody><tr><td><strong>datum<\/strong><\/td><td><strong>ura<\/strong><\/td><td><strong>slovenski \u010das<\/strong><\/td><td><strong>nivo tekmovanja<\/strong><\/td><\/tr><tr><td>petek, 6. avgust 2021<\/td><td>10.20-17.45<\/td><td>03.20-10.45<\/td><td>kvalifikacije, posamezno <strong>(Ekaterina Vedeneeva)<\/strong><\/td><\/tr><tr><td>sobota, 7. avgust 2021<\/td><td>10.00-12.40<\/td><td>03.00-05.40<\/td><td>kvalifikacije, skupinska vaja<\/td><\/tr><tr><td>sobota, 7. avgust 2021<\/td><td>15.20-18.00<\/td><td>08.20-11.00<\/td><td>finala po rekvizitih<\/td><\/tr><tr><td>nedelja, 8. avgust 2021<\/td><td>11.00-12.55<\/td><td>04.00-05.55<\/td><td>finale, skupinska vaja<\/td><\/tr><\/tbody><\/table><\/figure>\n\n\n\n<p><strong><em>Velika pro\u017ena ponjava<\/em><\/strong><\/p>\n\n\n\n<figure class=\"wp-block-table\"><table><tbody><tr><td><strong>datum<\/strong><\/td><td><strong>ura<\/strong><\/td><td><strong>slovenski \u010das<\/strong><\/td><td><strong>nivo tekmovanja<\/strong><\/td><\/tr><tr><td>petek, 30. julij 2021<\/td><td>13.00-14.35<\/td><td>06.00-07.35<\/td><td>kvalifikacije, \u017eenske<\/td><\/tr><tr><td>petek, 30. julij 2021<\/td><td>14.50-15.25<\/td><td>07.50-08.25<\/td><td>finale, \u017eenske<\/td><\/tr><tr><td>sobota, 31. julij 2021<\/td><td>13.00-14.35<\/td><td>06.00-07.35<\/td><td>kvalifikacije, mo\u0161ki<\/td><\/tr><tr><td>sobota, 31. julij 2021<\/td><td>14.50-15.25<\/td><td>07.50-08.25<\/td><td>finale, mo\u0161ki<\/td><\/tr><\/tbody><\/table><\/figure>\n\n\n\n<p>Urnike nastopov vseh slovenskih olimpijcev lahko najdete na spletni strani <a href=\"https:\/\/tokio2020.olympic.si\/urnik\">Olimpijskega komiteja Slovenije<\/a>, ve\u010d o vseh telovadcih pa na spletni strani <a href=\"https:\/\/live.gymnastics.sport\/schedule.php?idevent=15571\">Mednarodne gimnasti\u010dne zveze<\/a>.<\/p>\n","protected":false},"excerpt":{"rendered":"<p>Med 23. julijem in 8. avgustom bodo v Tokiu potekale<span class=\"excerpt-hellip\"> [\u2026]<\/span><\/p>\n","protected":false},"author":3,"featured_media":2852,"comment_status":"open","ping_status":"open","sticky":false,"template":"","format":"standard","meta":{"_monsterinsights_skip_tracking":false,"_monsterinsights_sitenote_active":false,"_monsterinsights_sitenote_note":"","_monsterinsights_sitenote_category":0,"footnotes":""},"categories":[28],"tags":[],"class_list":["post-2853","post","type-post","status-publish","format-standard","has-post-thumbnail","hentry","category-vrhunski-sport"],"_links":{"self":[{"href":"https:\/\/gimnasticna-zveza.si\/index.php\/wp-json\/wp\/v2\/posts\/2853","targetHints":{"allow":["GET"]}}],"collection":[{"href":"https:\/\/gimnasticna-zveza.si\/index.php\/wp-json\/wp\/v2\/posts"}],"about":[{"href":"https:\/\/gimnasticna-zveza.si\/index.php\/wp-json\/wp\/v2\/types\/post"}],"author":[{"embeddable":true,"href":"https:\/\/gimnasticna-zveza.si\/index.php\/wp-json\/wp\/v2\/users\/3"}],"replies":[{"embeddable":true,"href":"https:\/\/gimnasticna-zveza.si\/index.php\/wp-json\/wp\/v2\/comments?post=2853"}],"version-history":[{"count":7,"href":"https:\/\/gimnasticna-zveza.si\/index.php\/wp-json\/wp\/v2\/posts\/2853\/revisions"}],"predecessor-version":[{"id":2867,"href":"https:\/\/gimnasticna-zveza.si\/index.php\/wp-json\/wp\/v2\/posts\/2853\/revisions\/2867"}],"wp:featuredmedia":[{"embeddable":true,"href":"https:\/\/gimnasticna-zveza.si\/index.php\/wp-json\/wp\/v2\/media\/2852"}],"wp:attachment":[{"href":"https:\/\/gimnasticna-zveza.si\/index.php\/wp-json\/wp\/v2\/media?parent=2853"}],"wp:term":[{"taxonomy":"category","embeddable":true,"href":"https:\/\/gimnasticna-zveza.si\/index.php\/wp-json\/wp\/v2\/categories?post=2853"},{"taxonomy":"post_tag","embeddable":true,"href":"https:\/\/gimnasticna-zveza.si\/index.php\/wp-json\/wp\/v2\/tags?post=2853"}],"curies":[{"name":"wp","href":"https:\/\/api.w.org\/{rel}","templated":true}]}}