{"id":2587,"date":"2021-06-14T12:06:33","date_gmt":"2021-06-14T10:06:33","guid":{"rendered":"http:\/\/www.gimnasticna-zveza.si\/?p=2587"},"modified":"2021-06-14T12:13:17","modified_gmt":"2021-06-14T10:13:17","slug":"tjasa-kysselef-srebrna-v-osijeku","status":"publish","type":"post","link":"https:\/\/gimnasticna-zveza.si\/index.php\/2021\/06\/14\/tjasa-kysselef-srebrna-v-osijeku\/","title":{"rendered":"Tja\u0161a Kysselef srebrna v Osijeku"},"content":{"rendered":"\n<p>Osijek, 12. junija (STA) &#8211; Slovenska telovadka Tja\u0161a Kysselef, ki se je to pomlad vrnila po te\u017eki po\u0161kodbi in operaciji, je uspe\u0161no nastopila na svetovnem izzivu v Osijeku. V dana\u0161njem finalu preskoka, med elitno osmerico se je uvrstila s tretjim dose\u017ekom, je osvojila srebro in zgolj za 133 tiso\u010dink to\u010dke zaostala za zmago. Prva je bila Mad\u017earka Maria Csenge (13,649).<\/p>\n\n\n\n<p>Kysselefova se je spomladi v velikem slogu vrnila na sceno, ko se je po letu dni odsotnosti zaradi po\u0161kodbe na evropskem prvenstvu v Baslu konec aprila prvi\u010d v karieri uvrstila v finale na preskoku. Sedemindvajsetletna reprezentantka je v finalu zasedla peto mesto za uspeh kariere.<\/p>\n\n\n\n<p>Na svetovnem pokalu v Varni je konec maja v kvalifikacijah padla in ostala brez finala, \u017ee na naslednji postojanki v Osijeku pa je spet kon\u010dala na zmagovalnem odru.<\/p>\n\n\n\n<p>&#8220;Po evropskem prvenstvu mi je nekako vse malo &#8216;padlo dol&#8217;. Niti ne vem to\u010dno, zakaj. Slab nastop in kiks na svetovnem pokalu v Varni me je k sre\u010di malo zbudil. Vseeno so bile priprave na tekmo v Osijeku zame te\u017eke, a se je k sre\u010di vse dobro iz\u0161lo,&#8221; je s hrva\u0161kega prizori\u0161\u010da za STA sporo\u010dila Kysselefova in dodala, da je v kvalifikacijah ravno zaradi te\u017eav na treningih sko\u010dila la\u017eji skok kot v finalu, vseeno pa je v petek uspe\u0161no oddelala tudi kvalifikacije gredi in z devetim mestom za las ostala zunaj \u0161e enega finala.<\/p>\n\n\n\n<p>&#8220;Dana\u0161nja skoka sta bila zame osebno popolna. \u017de to, da sem dvakrat obstala na nogah. Vem, da je bilo nekaj napak v zraku, a zame je bil dana\u0161nji nastop v celotni gledano zlata vreden,&#8221; je bila novih stopni\u010dk zelo vesela varovanka selektorja Andreja Mavri\u010da.<\/p>\n\n\n\n<p>Glede nadaljevanja sezone se s trenerjem \u0161e nista dokon\u010dno dogovorila. Zdaj telovadce pred olimpijskimi igrami v Tokiu namre\u010d \u010daka le \u0161e ena velika tekma; Mednarodna gimnasti\u010dna zveza (Fig) je v za\u010detku junija dolo\u010dila nov termin za finale olimpijskih kvalifikacij. Potem ko bi svetovni pokal v Dohi moral biti \u017ee marca, bo ta zdaj potekal med 23. in 26. junijem.<\/p>\n\n\n\n<p>V Dohi bodo razdelili \u0161e zadnje olimpijske vstopnice za specialiste po orodjih. Olimpijske igre Tokio 2020 bodo med 23. julijem in 8. avgustom.<\/p>\n\n\n\n<figure class=\"wp-block-embed is-type-video is-provider-youtube wp-block-embed-youtube wp-embed-aspect-16-9 wp-has-aspect-ratio\"><div class=\"wp-block-embed__wrapper\">\n<iframe title=\"Izjava Tja\u0161e Kysselef po osvojenem 2. mestu na tekmi Svetovnega pokala v Osijeku\" width=\"1220\" height=\"686\" src=\"https:\/\/www.youtube.com\/embed\/G6NUR1Fezc8?feature=oembed\" frameborder=\"0\" allow=\"accelerometer; autoplay; clipboard-write; encrypted-media; gyroscope; picture-in-picture\" allowfullscreen><\/iframe>\n<\/div><\/figure>\n","protected":false},"excerpt":{"rendered":"<p>Osijek, 12. junija (STA) &#8211; Slovenska telovadka Tja\u0161a Kysselef, ki<span class=\"excerpt-hellip\"> [\u2026]<\/span><\/p>\n","protected":false},"author":3,"featured_media":2588,"comment_status":"open","ping_status":"open","sticky":false,"template":"","format":"standard","meta":{"_monsterinsights_skip_tracking":false,"_monsterinsights_sitenote_active":false,"_monsterinsights_sitenote_note":"","_monsterinsights_sitenote_category":0,"footnotes":""},"categories":[28],"tags":[],"class_list":["post-2587","post","type-post","status-publish","format-standard","has-post-thumbnail","hentry","category-vrhunski-sport"],"_links":{"self":[{"href":"https:\/\/gimnasticna-zveza.si\/index.php\/wp-json\/wp\/v2\/posts\/2587","targetHints":{"allow":["GET"]}}],"collection":[{"href":"https:\/\/gimnasticna-zveza.si\/index.php\/wp-json\/wp\/v2\/posts"}],"about":[{"href":"https:\/\/gimnasticna-zveza.si\/index.php\/wp-json\/wp\/v2\/types\/post"}],"author":[{"embeddable":true,"href":"https:\/\/gimnasticna-zveza.si\/index.php\/wp-json\/wp\/v2\/users\/3"}],"replies":[{"embeddable":true,"href":"https:\/\/gimnasticna-zveza.si\/index.php\/wp-json\/wp\/v2\/comments?post=2587"}],"version-history":[{"count":2,"href":"https:\/\/gimnasticna-zveza.si\/index.php\/wp-json\/wp\/v2\/posts\/2587\/revisions"}],"predecessor-version":[{"id":2590,"href":"https:\/\/gimnasticna-zveza.si\/index.php\/wp-json\/wp\/v2\/posts\/2587\/revisions\/2590"}],"wp:featuredmedia":[{"embeddable":true,"href":"https:\/\/gimnasticna-zveza.si\/index.php\/wp-json\/wp\/v2\/media\/2588"}],"wp:attachment":[{"href":"https:\/\/gimnasticna-zveza.si\/index.php\/wp-json\/wp\/v2\/media?parent=2587"}],"wp:term":[{"taxonomy":"category","embeddable":true,"href":"https:\/\/gimnasticna-zveza.si\/index.php\/wp-json\/wp\/v2\/categories?post=2587"},{"taxonomy":"post_tag","embeddable":true,"href":"https:\/\/gimnasticna-zveza.si\/index.php\/wp-json\/wp\/v2\/tags?post=2587"}],"curies":[{"name":"wp","href":"https:\/\/api.w.org\/{rel}","templated":true}]}}