{"id":2580,"date":"2021-06-10T20:39:59","date_gmt":"2021-06-10T18:39:59","guid":{"rendered":"http:\/\/www.gimnasticna-zveza.si\/?p=2580"},"modified":"2021-06-10T20:40:05","modified_gmt":"2021-06-10T18:40:05","slug":"tjasa-s-tretjo-oceno-kvalifikacij-v-finale-preskoka","status":"publish","type":"post","link":"https:\/\/gimnasticna-zveza.si\/index.php\/2021\/06\/10\/tjasa-s-tretjo-oceno-kvalifikacij-v-finale-preskoka\/","title":{"rendered":"Tja\u0161a s tretjo oceno kvalifikacij v finale preskoka"},"content":{"rendered":"\n<p>Osijek, 10. junija (STA) &#8211; Slovenski telovadci na \u010delu s Sa\u0161em Bertoncljem in Tja\u0161o Kysselef so se danes predstavili v kvalifikacijah svetovnega izziva v Osijeku, uspe\u0161na pa je bila le Kysselefova. Na preskoku se je s tretjo oceno kvalifikacij (13,325 to\u010dke) brez te\u017eav uvrstila v sobotni finale. Prvo oceno kvalifikacij (13,450) ima Latvijka Elina Vihrova.<\/p>\n\n\n\n<p>Kysselefova, edina slovenska finalistka leto\u0161njega evropskega prvenstva, na katerem je s petim mestom pri\u0161la do uspeha kariere, je na minulem svetovnem pokalu v Varni naredila napako in ostala brez finala. Na Hrva\u0161kem se je vrnila v velikem slogu in se bo v finalu najbolj\u0161e osmerice spet borila za kolajne.<\/p>\n\n\n\n<p>Zato pa Bertonclju, ki je bil na prej\u0161njem svetovnem pokalu v Varni finalist in v boju za kolajne \u0161esti, tokrat ni uspelo uresni\u010diti prvega cilja: uvrstitve v finale na konju z ro\u010daji.<\/p>\n\n\n\n<p>\u010ceprav je bil, kot je dejal, tokrat \u0161e bolje pripravljen kot v Varni, saj okreva po po\u0161kodbi, se mu kvalifikacijski nastop ni iz\u0161el. Po \u0161tevilnih napakah, spet se mu je ponesre\u010dil tudi seskok, je s 13,300 to\u010dke ostal dale\u010d od \u017eelja. Prvo oceno konja ima Albanec Matvei Petrov (15,250).<\/p>\n\n\n\n<p>Poleg Bertonclja so v dana\u0161njih kvalifikacijah nastopili \u0161e Luka Ki\u0161ek na konju z ro\u010daji ter Lucija Hribar na dvovi\u0161inski bradlji, a nastopov nista opravila brez napak.<\/p>\n\n\n\n<p>V petkovih kvalifikacijah nastop \u0161e \u010daka Luko Bojanca na krogih, med telovadkami pa Hribarjevo na parterju ter Gajo \u017dabnikar na gredi.<\/p>\n\n\n\n<p>Kvalifikacije so na sporedu danes in v petek, finalni nastopi po orodjih sledijo v soboto in nedeljo.<\/p>\n","protected":false},"excerpt":{"rendered":"<p>Osijek, 10. junija (STA) &#8211; Slovenski telovadci na \u010delu s<span class=\"excerpt-hellip\"> [\u2026]<\/span><\/p>\n","protected":false},"author":3,"featured_media":2581,"comment_status":"open","ping_status":"open","sticky":false,"template":"","format":"standard","meta":{"_monsterinsights_skip_tracking":false,"_monsterinsights_sitenote_active":false,"_monsterinsights_sitenote_note":"","_monsterinsights_sitenote_category":0,"footnotes":""},"categories":[28],"tags":[],"class_list":["post-2580","post","type-post","status-publish","format-standard","has-post-thumbnail","hentry","category-vrhunski-sport"],"_links":{"self":[{"href":"https:\/\/gimnasticna-zveza.si\/index.php\/wp-json\/wp\/v2\/posts\/2580","targetHints":{"allow":["GET"]}}],"collection":[{"href":"https:\/\/gimnasticna-zveza.si\/index.php\/wp-json\/wp\/v2\/posts"}],"about":[{"href":"https:\/\/gimnasticna-zveza.si\/index.php\/wp-json\/wp\/v2\/types\/post"}],"author":[{"embeddable":true,"href":"https:\/\/gimnasticna-zveza.si\/index.php\/wp-json\/wp\/v2\/users\/3"}],"replies":[{"embeddable":true,"href":"https:\/\/gimnasticna-zveza.si\/index.php\/wp-json\/wp\/v2\/comments?post=2580"}],"version-history":[{"count":1,"href":"https:\/\/gimnasticna-zveza.si\/index.php\/wp-json\/wp\/v2\/posts\/2580\/revisions"}],"predecessor-version":[{"id":2582,"href":"https:\/\/gimnasticna-zveza.si\/index.php\/wp-json\/wp\/v2\/posts\/2580\/revisions\/2582"}],"wp:featuredmedia":[{"embeddable":true,"href":"https:\/\/gimnasticna-zveza.si\/index.php\/wp-json\/wp\/v2\/media\/2581"}],"wp:attachment":[{"href":"https:\/\/gimnasticna-zveza.si\/index.php\/wp-json\/wp\/v2\/media?parent=2580"}],"wp:term":[{"taxonomy":"category","embeddable":true,"href":"https:\/\/gimnasticna-zveza.si\/index.php\/wp-json\/wp\/v2\/categories?post=2580"},{"taxonomy":"post_tag","embeddable":true,"href":"https:\/\/gimnasticna-zveza.si\/index.php\/wp-json\/wp\/v2\/tags?post=2580"}],"curies":[{"name":"wp","href":"https:\/\/api.w.org\/{rel}","templated":true}]}}