{"id":2544,"date":"2021-06-07T07:30:00","date_gmt":"2021-06-07T05:30:00","guid":{"rendered":"http:\/\/www.gimnasticna-zveza.si\/?p=2544"},"modified":"2021-06-08T17:05:30","modified_gmt":"2021-06-08T15:05:30","slug":"v-sredo-se-zacne-evropsko-prvenstvo-v-ritmicni-gimnastiki","status":"publish","type":"post","link":"https:\/\/gimnasticna-zveza.si\/index.php\/2021\/06\/07\/v-sredo-se-zacne-evropsko-prvenstvo-v-ritmicni-gimnastiki\/","title":{"rendered":"V sredo se za\u010dne Evropsko prvenstvo v ritmi\u010dni gimnastiki"},"content":{"rendered":"\n<p>V sredo, 9. junija 2021, se bo v Varni pri\u010delo 37. evropsko prvenstvo v ritmi\u010dni gimnastiki. Na leto\u0161njem EP v Varni se bodo predstavile \u010dlanice v individualnem programu, v skupinskih sestavah in mladinke v skupinskih&nbsp; sestavah. Tekmovanje bo potekalo v dvorani kulture in \u0161porta v \u010dasu med 9. in 13. junijem.<\/p>\n\n\n\n<p>V individualnem programu bo najprej potekalo&nbsp; tekmovanje v kvalifikacijskem delu, vsaka dr\u017eava predstavi osem vaj. 24 najbolj\u0161ih tekmovalk iz kvalifikacij se bo nato borilo za naslov evropske prvakinje v mnogoboju, ki bo na sporedu v soboto. Najbolj\u0161ih osem tekmovalk s posameznimi rekviziti iz kvalifikacij se bo uvrstilo v nedeljski finale, kjer se bodo borile za naslov evropskih&nbsp; prvakinj z posameznimi rekviziti.<\/p>\n\n\n\n<p>Statistika 37. evropskega prvenstva v ritmi\u010dni gimnastiki:<\/p>\n\n\n\n<ul class=\"wp-block-list\"><li>tekmovanja se bo udele\u017eilo 37 dr\u017eav,<\/li><li>te so na tekmovanje pri\u0161le s 16 \u010dlanskimi skupinskimi sestavami in 20 mladinskimi skupinskimi sestavami,<\/li><li>skupno \u0161tevilo tekmovalk je 321.<\/li><\/ul>\n\n\n\n<p><strong>Slovenski reprezentantki:<\/strong><\/p>\n\n\n\n<ul class=\"wp-block-list\"><li><strong>Ekaterina Vedeneeva<\/strong>, KRG Tim, trenerka Elena Drozhanova,<\/li><li><strong>Aleksandra Podgor\u0161ek<\/strong>, KRG Narodni dom, trenerki Alena Yakubouskaya in Alena Salauyova.<\/li><\/ul>\n\n\n\n<p>Obe bosta nastopili s celotnim programom \u0161tirih vaj (obro\u010d, \u017eoga, kiji in trak). Na\u0161i tekmovalki bosta nastopili v skupini A.<\/p>\n\n\n\n<p>Cilj je uvrstitev v finale mnogoboja med 24 najbolj\u0161ih in finale po posameznih rekvizitih.<\/p>\n\n\n\n<p>Ekipo bodo spremljali:<\/p>\n\n\n\n<ul class=\"wp-block-list\"><li>Alena Salauyova, trenerka in vodja ekipe,<\/li><li>Elena Drozhanova, trenerka,<\/li><li>Alena Yakubouskaya, sodnica,<\/li><li>Vladimir Korovin, zdravnik.<\/li><\/ul>\n\n\n\n<p><strong>Ekaterina Vedeneeva<\/strong> je s potekom sezone zadovoljna. Veselila se je nastopa na vsakem tekmovanju. Vesela je, da ji je uspevalo biti v stiku z deseterico na svetovnih pokalih, saj je tudi njen cilj na olimpijskih igrah visok, saj si \u017eeli uvrstitve med deseterico. Vesela je, da se je uvrstila med slovenske vrhunske \u0161portnike in prejela zaposlitev v javni upravi pri carini. Na\u010drtov za po olimpijadi \u0161e nima, a skoraj verjetno bo svojo \u0161portno pot po zaslu\u017eenem po\u010ditku nadaljevala.<\/p>\n\n\n\n<figure class=\"wp-block-embed is-type-video is-provider-youtube wp-block-embed-youtube wp-embed-aspect-16-9 wp-has-aspect-ratio\"><div class=\"wp-block-embed__wrapper\">\n<iframe title=\"Izjava pred Evropskim prvenstvom v ritmi\u010dni gimnastiki, Vedeneeva Ekaterina, Varna 2021\" width=\"1220\" height=\"686\" src=\"https:\/\/www.youtube.com\/embed\/00tk_tTRep0?feature=oembed\" frameborder=\"0\" allow=\"accelerometer; autoplay; clipboard-write; encrypted-media; gyroscope; picture-in-picture\" allowfullscreen><\/iframe>\n<\/div><\/figure>\n\n\n\n<figure class=\"wp-block-embed is-type-video is-provider-youtube wp-block-embed-youtube wp-embed-aspect-16-9 wp-has-aspect-ratio\"><div class=\"wp-block-embed__wrapper\">\n<iframe title=\"Izjava pred Evropskim prvenstvom v ritmi\u010dni gimnastiki, Podgor\u0161ek Aleksandra, Varna 2021\" width=\"1220\" height=\"686\" src=\"https:\/\/www.youtube.com\/embed\/ycBSzpIVdZw?feature=oembed\" frameborder=\"0\" allow=\"accelerometer; autoplay; clipboard-write; encrypted-media; gyroscope; picture-in-picture\" allowfullscreen><\/iframe>\n<\/div><\/figure>\n\n\n\n<p><strong>URNIK TEKMOVANJA<\/strong><\/p>\n\n\n\n<p><strong>sreda, 9. junij 2021:<\/strong><\/p>\n\n\n\n<ul class=\"wp-block-list\"><li>10.00-13.35: kvalifikacije mladinke, skupinska vaja<\/li><li>19.00-20.35: finale mladinke, skupinska vaja<\/li><\/ul>\n\n\n\n<p><strong>\u010detrtek, 10. junij 2021:<\/strong><\/p>\n\n\n\n<ul class=\"wp-block-list\"><li>10.00-12.00: kvalifikacije, obro\u010d in \u017eoga, skupina A (Slovenija)<\/li><li>12.15-14.15: kvalifikacije, obro\u010d in \u017eoga, skupina B<\/li><li>15.15-17.15: kvalifikacije, obro\u010d in \u017eoga, skupina C<\/li><li>17.30-19.30: kvalifikacije, obro\u010d in \u017eoga, skupina D<\/li><\/ul>\n\n\n\n<p><strong>petek, 11. junij 2021:<\/strong><\/p>\n\n\n\n<ul class=\"wp-block-list\"><li>10.00-12.00: kvalifikacije, kiji in trak, skupina C<\/li><li>12.15-14.15: kvalifikacije, kiji in trak, skupina D<\/li><li>15.15-17.15: kvalifikacije, kiji in trak, skupina A (Slovenija)<\/li><li>17.30-19.30: kvalifikacije, kiji in trak, skupina B<\/li><\/ul>\n\n\n\n<p><strong>sobota, 12. junij 2021:<\/strong><\/p>\n\n\n\n<ul class=\"wp-block-list\"><li>10.00-12.25: finale mnogoboja<\/li><li>12.40-15.05: finale mnogoboja<\/li><\/ul>\n\n\n\n<p><strong>nedelja, 13. junij 2021:<\/strong><\/p>\n\n\n\n<ul class=\"wp-block-list\"><li>10.00-11.05: finala po rekvizitih, obro\u010d in \u017eoga<\/li><li>11.10-12.15: finala po rekvizitih, kiji in trak<\/li><\/ul>\n\n\n\n<figure class=\"wp-block-image size-large\"><img fetchpriority=\"high\" decoding=\"async\" width=\"1024\" height=\"576\" src=\"https:\/\/www.gimnasticna-zveza.si\/wp-content\/uploads\/2021\/06\/GZS_EP-RG2-1024x576.jpg\" alt=\"\" class=\"wp-image-2547\" srcset=\"https:\/\/gimnasticna-zveza.si\/wp-content\/uploads\/2021\/06\/GZS_EP-RG2-1024x576.jpg 1024w, https:\/\/gimnasticna-zveza.si\/wp-content\/uploads\/2021\/06\/GZS_EP-RG2-300x169.jpg 300w, https:\/\/gimnasticna-zveza.si\/wp-content\/uploads\/2021\/06\/GZS_EP-RG2-768x432.jpg 768w, https:\/\/gimnasticna-zveza.si\/wp-content\/uploads\/2021\/06\/GZS_EP-RG2-1536x864.jpg 1536w, https:\/\/gimnasticna-zveza.si\/wp-content\/uploads\/2021\/06\/GZS_EP-RG2-2048x1152.jpg 2048w, https:\/\/gimnasticna-zveza.si\/wp-content\/uploads\/2021\/06\/GZS_EP-RG2-260x146.jpg 260w, https:\/\/gimnasticna-zveza.si\/wp-content\/uploads\/2021\/06\/GZS_EP-RG2-50x28.jpg 50w, https:\/\/gimnasticna-zveza.si\/wp-content\/uploads\/2021\/06\/GZS_EP-RG2-133x75.jpg 133w, https:\/\/gimnasticna-zveza.si\/wp-content\/uploads\/2021\/06\/GZS_EP-RG2-1200x675.jpg 1200w, https:\/\/gimnasticna-zveza.si\/wp-content\/uploads\/2021\/06\/GZS_EP-RG2-600x337.jpg 600w\" sizes=\"(max-width:767px) 480px, (max-width:1024px) 100vw, 1024px\" \/><\/figure>\n","protected":false},"excerpt":{"rendered":"<p>V sredo, 9. junija 2021, se bo v Varni pri\u010delo<span class=\"excerpt-hellip\"> [\u2026]<\/span><\/p>\n","protected":false},"author":3,"featured_media":2545,"comment_status":"open","ping_status":"open","sticky":false,"template":"","format":"standard","meta":{"_monsterinsights_skip_tracking":false,"_monsterinsights_sitenote_active":false,"_monsterinsights_sitenote_note":"","_monsterinsights_sitenote_category":0,"footnotes":""},"categories":[28],"tags":[],"class_list":["post-2544","post","type-post","status-publish","format-standard","has-post-thumbnail","hentry","category-vrhunski-sport"],"_links":{"self":[{"href":"https:\/\/gimnasticna-zveza.si\/index.php\/wp-json\/wp\/v2\/posts\/2544","targetHints":{"allow":["GET"]}}],"collection":[{"href":"https:\/\/gimnasticna-zveza.si\/index.php\/wp-json\/wp\/v2\/posts"}],"about":[{"href":"https:\/\/gimnasticna-zveza.si\/index.php\/wp-json\/wp\/v2\/types\/post"}],"author":[{"embeddable":true,"href":"https:\/\/gimnasticna-zveza.si\/index.php\/wp-json\/wp\/v2\/users\/3"}],"replies":[{"embeddable":true,"href":"https:\/\/gimnasticna-zveza.si\/index.php\/wp-json\/wp\/v2\/comments?post=2544"}],"version-history":[{"count":9,"href":"https:\/\/gimnasticna-zveza.si\/index.php\/wp-json\/wp\/v2\/posts\/2544\/revisions"}],"predecessor-version":[{"id":2574,"href":"https:\/\/gimnasticna-zveza.si\/index.php\/wp-json\/wp\/v2\/posts\/2544\/revisions\/2574"}],"wp:featuredmedia":[{"embeddable":true,"href":"https:\/\/gimnasticna-zveza.si\/index.php\/wp-json\/wp\/v2\/media\/2545"}],"wp:attachment":[{"href":"https:\/\/gimnasticna-zveza.si\/index.php\/wp-json\/wp\/v2\/media?parent=2544"}],"wp:term":[{"taxonomy":"category","embeddable":true,"href":"https:\/\/gimnasticna-zveza.si\/index.php\/wp-json\/wp\/v2\/categories?post=2544"},{"taxonomy":"post_tag","embeddable":true,"href":"https:\/\/gimnasticna-zveza.si\/index.php\/wp-json\/wp\/v2\/tags?post=2544"}],"curies":[{"name":"wp","href":"https:\/\/api.w.org\/{rel}","templated":true}]}}