{"id":2499,"date":"2021-05-31T12:03:54","date_gmt":"2021-05-31T11:03:54","guid":{"rendered":"http:\/\/www.gimnasticna-zveza.si\/?p=2499"},"modified":"2021-05-31T12:03:57","modified_gmt":"2021-05-31T11:03:57","slug":"vedenejeva-uradno-z-vozovnico-za-tokio-2020","status":"publish","type":"post","link":"https:\/\/gimnasticna-zveza.si\/index.php\/2021\/05\/31\/vedenejeva-uradno-z-vozovnico-za-tokio-2020\/","title":{"rendered":"Vedenejeva uradno z vozovnico za Tokio 2020"},"content":{"rendered":"\n<p>Ljubljana, 31. maja (STA) &#8211; Slovenska reprezentantka v ritmi\u010dni gimnastiki Jekaterina Vedenejeva je tudi uradno potnica na poletne olimpijske igre v Tokiu. Kot so danes sporo\u010dili iz Mednarodne gimnasti\u010dne zveze (Fig), si je Rusinja s slovenskim potnim listom olimpijski nastop priborila po nizu dobrih predstav na kvalifikacijskih svetovnih pokalih.<\/p>\n\n\n\n<p>Vedenejeva je minuli konec tedna na zadnji kvalifikacijski postojanki v Pesaru v mnogoboju zasedla 11. mesto, uvrstila pa se je tudi v finale s trakom, kjer je bila \u010detrta.<\/p>\n\n\n\n<p>\u017de pred tem je 26-letnica uspe\u0161no nastopila v Bakuju, kjer je \u017ee bilo znano, da tudi \u010de izpusti Pesaro, ima OI v \u017eepu. Danes pa so to uradno potrdili tudi pri Figu, ko so objavili telovadke, ki so si OI izborile preko svetovnega pokala.<\/p>\n\n\n\n<p>Ritmi\u010darka iz ruskega Irkutska, ki zadnja tri leta nosi slovenski dres, je prakti\u010dno olimpijsko normo za Slovenijo osvojila \u017ee na svetovnem prvenstvu leta 2019 v Bakuju, ko je v mnogoboju zasedla 17. mesto, \u010deravno Fig tega uradno ni potrdil.<\/p>\n\n\n\n<p>Med posameznicami se je neposredno v Tokio namre\u010d uvrstilo le 16 najbolj\u0161ih iz mnogoboja na SP, a ker je bila pred Vedenejevo tudi Japonka, ki ne bo potrebovala posebnega povabila za dr\u017eavo gostiteljico, je bilo \u017ee jasno, da je naslednja v vrsti Vedenejeva. Skupno bo na olimpijskem turnirju posameznic nastopilo 26 tekmovalk.<\/p>\n","protected":false},"excerpt":{"rendered":"<p>Ljubljana, 31. maja (STA) &#8211; Slovenska reprezentantka v ritmi\u010dni gimnastiki<span class=\"excerpt-hellip\"> [\u2026]<\/span><\/p>\n","protected":false},"author":3,"featured_media":2500,"comment_status":"open","ping_status":"open","sticky":false,"template":"","format":"standard","meta":{"_monsterinsights_skip_tracking":false,"_monsterinsights_sitenote_active":false,"_monsterinsights_sitenote_note":"","_monsterinsights_sitenote_category":0,"footnotes":""},"categories":[28],"tags":[],"class_list":["post-2499","post","type-post","status-publish","format-standard","has-post-thumbnail","hentry","category-vrhunski-sport"],"_links":{"self":[{"href":"https:\/\/gimnasticna-zveza.si\/index.php\/wp-json\/wp\/v2\/posts\/2499","targetHints":{"allow":["GET"]}}],"collection":[{"href":"https:\/\/gimnasticna-zveza.si\/index.php\/wp-json\/wp\/v2\/posts"}],"about":[{"href":"https:\/\/gimnasticna-zveza.si\/index.php\/wp-json\/wp\/v2\/types\/post"}],"author":[{"embeddable":true,"href":"https:\/\/gimnasticna-zveza.si\/index.php\/wp-json\/wp\/v2\/users\/3"}],"replies":[{"embeddable":true,"href":"https:\/\/gimnasticna-zveza.si\/index.php\/wp-json\/wp\/v2\/comments?post=2499"}],"version-history":[{"count":1,"href":"https:\/\/gimnasticna-zveza.si\/index.php\/wp-json\/wp\/v2\/posts\/2499\/revisions"}],"predecessor-version":[{"id":2501,"href":"https:\/\/gimnasticna-zveza.si\/index.php\/wp-json\/wp\/v2\/posts\/2499\/revisions\/2501"}],"wp:featuredmedia":[{"embeddable":true,"href":"https:\/\/gimnasticna-zveza.si\/index.php\/wp-json\/wp\/v2\/media\/2500"}],"wp:attachment":[{"href":"https:\/\/gimnasticna-zveza.si\/index.php\/wp-json\/wp\/v2\/media?parent=2499"}],"wp:term":[{"taxonomy":"category","embeddable":true,"href":"https:\/\/gimnasticna-zveza.si\/index.php\/wp-json\/wp\/v2\/categories?post=2499"},{"taxonomy":"post_tag","embeddable":true,"href":"https:\/\/gimnasticna-zveza.si\/index.php\/wp-json\/wp\/v2\/tags?post=2499"}],"curies":[{"name":"wp","href":"https:\/\/api.w.org\/{rel}","templated":true}]}}