{"id":2496,"date":"2021-05-31T08:24:11","date_gmt":"2021-05-31T07:24:11","guid":{"rendered":"http:\/\/www.gimnasticna-zveza.si\/?p=2496"},"modified":"2021-05-31T08:24:14","modified_gmt":"2021-05-31T07:24:14","slug":"saso-bertoncelj-sesti-v-varni","status":"publish","type":"post","link":"https:\/\/gimnasticna-zveza.si\/index.php\/2021\/05\/31\/saso-bertoncelj-sesti-v-varni\/","title":{"rendered":"Sa\u0161o Bertoncelj \u0161esti v Varni"},"content":{"rendered":"\n<p>Varna, 29. maja (STA) &#8211; Slovenski telovadec Sa\u0161o Bertoncelj je v dana\u0161njem finalu svetovnega pokala na konju z ro\u010daji z oceno 14,050 to\u010dke zasedel \u0161esto mesto. Bertoncelj, edini slovenski finalist tega svetovnega pokala, si je v kvalifikacijah pritelovadil nastop med najbolj\u0161o osmerico s \u010detrto oceno, danes pa je imel \u0161esti dose\u017eek.<\/p>\n\n\n\n<p>Na konju z ro\u010daji je na svetovnem izzivu zmagal najbolj\u0161i iz kvalifikacij, Ukrajinec Ilja Kovtun (14,550).<\/p>\n\n\n\n<p>Bertoncelj je dana\u0161njo sestavo na konju z izhodi\u0161\u010dno vrednostjo 15,700 to\u010dke dobro prikazal, pri seskoku je naredil manj\u0161i poskok, a je bila te\u017eavnost premajhna. &#8220;Na petkovem treningu sem preizkusil te\u017ejo sestavo 16,100 to\u010dke, nekako je \u0161lo, tako da sem celo malo kolebal, katero bi predstavil. A nisem \u0161e v pravi formi po po\u0161kodbi, zato sem se odlo\u010dil za la\u017ejo razli\u010dico,&#8221; je iz Bolgarije za STA povedal najbolj\u0161i slovenski telovadec.<\/p>\n\n\n\n<p>&#8220;Danes bi po idealnem scenariju morda s to la\u017ejo sestavo lahko pri\u0161el do tretjega mesta, bolj realno je bilo \u010detrto. Nisem \u0161e v redu zdravstveno, tako da tudi \u0161e nisem v pravi formi. \u0160koda je, ker me bole\u010dine v rami ravno toliko ovirajo, da ne morem dovolj hitro priti na \u017eeleno raven,&#8221; je dejal izku\u0161eni telovadec, ki ga te\u017eave s po\u0161kodbo rame spremljajo \u017ee vse od decembrskega evropskega prvenstva v Mersinu.<\/p>\n\n\n\n<p>Naslednja postojanka svetovnega pokala v olimpijski sezoni je Kairo, ki ga bodo Slovenci izpustili, nato pa se bodo od 10. do 13. junija \u017ee zbrali v Osijeku.<\/p>\n\n\n\n<p>&#8220;Imam na\u010drt, da se na Hrva\u0161kem predstavim s te\u017ejo razli\u010dico 16,100 to\u010dke, vendar \u010dasa ni veliko, slaba dva tedna. Vsaj poskusil bom dobro natrenirati. Po\u010dasi se sestavljam skupaj,&#8221; je pojasnil \u0160kofjelo\u010dan, katerega glavni cilj je, da bi lahko kariero sklenil jeseni na svetovnem prvenstvu na Japonskem.<\/p>\n\n\n\n<p>Prva jesenska tekma po olimpijskem premoru bo svetovni izziv v doma\u010dem Kopru, tudi zaradi glavnega cilja, SP, Bertoncelj poudarja, da po\u010ditnic ne bo veliko. &#8220;Tako sem se odlo\u010dil. Enostavno se mi zdi, da \u010de bi preve\u010d po\u010dival, bi &#8216;razpadel&#8217;. Zdaj dr\u017eim ramo v nekem ritmu, po\u010dasi napredujem, ampak gre.&#8221;<\/p>\n","protected":false},"excerpt":{"rendered":"<p>Varna, 29. maja (STA) &#8211; Slovenski telovadec Sa\u0161o Bertoncelj je<span class=\"excerpt-hellip\"> [\u2026]<\/span><\/p>\n","protected":false},"author":3,"featured_media":2497,"comment_status":"open","ping_status":"open","sticky":false,"template":"","format":"standard","meta":{"_monsterinsights_skip_tracking":false,"_monsterinsights_sitenote_active":false,"_monsterinsights_sitenote_note":"","_monsterinsights_sitenote_category":0,"footnotes":""},"categories":[28],"tags":[],"class_list":["post-2496","post","type-post","status-publish","format-standard","has-post-thumbnail","hentry","category-vrhunski-sport"],"_links":{"self":[{"href":"https:\/\/gimnasticna-zveza.si\/index.php\/wp-json\/wp\/v2\/posts\/2496","targetHints":{"allow":["GET"]}}],"collection":[{"href":"https:\/\/gimnasticna-zveza.si\/index.php\/wp-json\/wp\/v2\/posts"}],"about":[{"href":"https:\/\/gimnasticna-zveza.si\/index.php\/wp-json\/wp\/v2\/types\/post"}],"author":[{"embeddable":true,"href":"https:\/\/gimnasticna-zveza.si\/index.php\/wp-json\/wp\/v2\/users\/3"}],"replies":[{"embeddable":true,"href":"https:\/\/gimnasticna-zveza.si\/index.php\/wp-json\/wp\/v2\/comments?post=2496"}],"version-history":[{"count":1,"href":"https:\/\/gimnasticna-zveza.si\/index.php\/wp-json\/wp\/v2\/posts\/2496\/revisions"}],"predecessor-version":[{"id":2498,"href":"https:\/\/gimnasticna-zveza.si\/index.php\/wp-json\/wp\/v2\/posts\/2496\/revisions\/2498"}],"wp:featuredmedia":[{"embeddable":true,"href":"https:\/\/gimnasticna-zveza.si\/index.php\/wp-json\/wp\/v2\/media\/2497"}],"wp:attachment":[{"href":"https:\/\/gimnasticna-zveza.si\/index.php\/wp-json\/wp\/v2\/media?parent=2496"}],"wp:term":[{"taxonomy":"category","embeddable":true,"href":"https:\/\/gimnasticna-zveza.si\/index.php\/wp-json\/wp\/v2\/categories?post=2496"},{"taxonomy":"post_tag","embeddable":true,"href":"https:\/\/gimnasticna-zveza.si\/index.php\/wp-json\/wp\/v2\/tags?post=2496"}],"curies":[{"name":"wp","href":"https:\/\/api.w.org\/{rel}","templated":true}]}}