{"id":2479,"date":"2021-05-27T18:42:32","date_gmt":"2021-05-27T17:42:32","guid":{"rendered":"http:\/\/www.gimnasticna-zveza.si\/?p=2479"},"modified":"2021-05-27T18:42:34","modified_gmt":"2021-05-27T17:42:34","slug":"v-varni-bertoncelj-gladko-v-finale-kysselefova-ostala-brez","status":"publish","type":"post","link":"https:\/\/gimnasticna-zveza.si\/index.php\/2021\/05\/27\/v-varni-bertoncelj-gladko-v-finale-kysselefova-ostala-brez\/","title":{"rendered":"V Varni Bertoncelj gladko v finale, Kysselefova ostala brez"},"content":{"rendered":"\n<p>Varna, 27. maja (STA) &#8211; Najbolj\u0161i slovenski telovadec Sa\u0161o Bertoncelj se je v kvalifikacijah svetovnega pokala v Varni gladko uvrstil v sobotni finale. Na konju z ro\u010daji je prejel 14,100 to\u010dke, kar je bila \u010detrta ocena. Najbolj\u0161o (14,500) ima Ukrajinec Ilja Kovtun. Zato pa je po ponesre\u010denem nastopu brez finala preskoka ostala telovadka Tja\u0161a Kysselef.<\/p>\n\n\n\n<p>V Varni na svetovnem izzivu nastopa pet Slovencev. Poleg Bertonclja sta v dana\u0161njih kvalifikacijah telovadcev nastopila \u0161e Luka Ki\u0161ek, ki je je prav tako telovadil na konju z ro\u010daji in z oceno 11,400 med 34 nastopajo\u010dimi zasedel 28. mesto.<\/p>\n\n\n\n<p>Na krogih se je predstavil Luka Bojanc, ki je z 12,300 to\u010dke zasedel 22. mesto.<\/p>\n\n\n\n<p>Nedavna finalistka leto\u0161njega evropskega prvenstva Kysselefova, ki je konec aprila v Baslu s petim mestom dosegla uspeh kariere na prvenstvih stare celine, je tokrat ostala praznih rok. Kot je sporo\u010dila 27-letna telovadka, je \u017ee pri prvem skoku komajda obstala na nogah, pri drugem pa je padla, tako da se ni prebila med najbolj\u0161ih osem.<\/p>\n\n\n\n<p>Z oceno 12,975 je kljub padcu rezerva za finale preskoka, kamor pa se je med drugimi uvrstila tudi Uzbekistanka Oksana \u010cusovitina, ki bo junija dopolnila 46 let in se pripravlja \u017ee za svoje osme olimpijske igre v Tokiu.<\/p>\n\n\n\n<p>Poleg Kysselefove med telovadkami Slovenijo zastopa tudi Lucija Hribar, ki se je danes predstavila na gredi in z oceno 11,700 zasedla 11. mesto. V petek jo \u010dakata \u0161e nastopa na dvovi\u0161inski bradlji in parterju.<\/p>\n","protected":false},"excerpt":{"rendered":"<p>Varna, 27. maja (STA) &#8211; Najbolj\u0161i slovenski telovadec Sa\u0161o Bertoncelj<span class=\"excerpt-hellip\"> [\u2026]<\/span><\/p>\n","protected":false},"author":3,"featured_media":2480,"comment_status":"open","ping_status":"open","sticky":false,"template":"","format":"standard","meta":{"_monsterinsights_skip_tracking":false,"_monsterinsights_sitenote_active":false,"_monsterinsights_sitenote_note":"","_monsterinsights_sitenote_category":0,"footnotes":""},"categories":[28],"tags":[],"class_list":["post-2479","post","type-post","status-publish","format-standard","has-post-thumbnail","hentry","category-vrhunski-sport"],"_links":{"self":[{"href":"https:\/\/gimnasticna-zveza.si\/index.php\/wp-json\/wp\/v2\/posts\/2479","targetHints":{"allow":["GET"]}}],"collection":[{"href":"https:\/\/gimnasticna-zveza.si\/index.php\/wp-json\/wp\/v2\/posts"}],"about":[{"href":"https:\/\/gimnasticna-zveza.si\/index.php\/wp-json\/wp\/v2\/types\/post"}],"author":[{"embeddable":true,"href":"https:\/\/gimnasticna-zveza.si\/index.php\/wp-json\/wp\/v2\/users\/3"}],"replies":[{"embeddable":true,"href":"https:\/\/gimnasticna-zveza.si\/index.php\/wp-json\/wp\/v2\/comments?post=2479"}],"version-history":[{"count":1,"href":"https:\/\/gimnasticna-zveza.si\/index.php\/wp-json\/wp\/v2\/posts\/2479\/revisions"}],"predecessor-version":[{"id":2481,"href":"https:\/\/gimnasticna-zveza.si\/index.php\/wp-json\/wp\/v2\/posts\/2479\/revisions\/2481"}],"wp:featuredmedia":[{"embeddable":true,"href":"https:\/\/gimnasticna-zveza.si\/index.php\/wp-json\/wp\/v2\/media\/2480"}],"wp:attachment":[{"href":"https:\/\/gimnasticna-zveza.si\/index.php\/wp-json\/wp\/v2\/media?parent=2479"}],"wp:term":[{"taxonomy":"category","embeddable":true,"href":"https:\/\/gimnasticna-zveza.si\/index.php\/wp-json\/wp\/v2\/categories?post=2479"},{"taxonomy":"post_tag","embeddable":true,"href":"https:\/\/gimnasticna-zveza.si\/index.php\/wp-json\/wp\/v2\/tags?post=2479"}],"curies":[{"name":"wp","href":"https:\/\/api.w.org\/{rel}","templated":true}]}}