{"id":2363,"date":"2021-04-24T16:22:03","date_gmt":"2021-04-24T15:22:03","guid":{"rendered":"http:\/\/www.gimnasticna-zveza.si\/?p=2363"},"modified":"2021-04-24T16:22:08","modified_gmt":"2021-04-24T15:22:08","slug":"tjasa-kysselef-s-petim-mestom-na-evropskem-prvenstvu-do-uspeha-kariere","status":"publish","type":"post","link":"https:\/\/gimnasticna-zveza.si\/index.php\/2021\/04\/24\/tjasa-kysselef-s-petim-mestom-na-evropskem-prvenstvu-do-uspeha-kariere\/","title":{"rendered":"Tja\u0161a Kysselef s petim mestom na Evropskem prvenstvu do uspeha kariere"},"content":{"rendered":"\n<p>Basel, 24. aprila (STA) &#8211; Slovenska telovadka Tja\u0161a Kysselef je v finalu preskoka na evropskem prvenstvu v Baslu zasedla peto mesto. Sedemindvajsetletnica se je v sredinih kvalifikacijah prvi\u010d v karieri prebila med najbolj\u0161o osmerico stare celine, danes pa je z dvema dobrima skokoma pri\u0161la do uspeha kariere.<\/p>\n\n\n\n<p>Po novem uspe\u0161nem nastopu je telovadka Zelene jame razumljivo sijala od sre\u010de, \u0161e posebej,ker je bila to njena prva velika tekma po ve\u010d kot letu dni in odsotnosti zaradi po\u0161kodbe in operacije gle\u017enja.<\/p>\n\n\n\n<p>&#8220;Spet sem skoraj tako \u0161okirana, kot sem bila po kvalifikacijah in preboju v finale. Oba skoka sta mi zelo lepo uspela in da sem bila na koncu celo peta, to je neverjetno! Noro!&#8221; je bila po nastopu v pogovoru za STA navdu\u0161ena Kysselefova, ki kar ni mogla verjeti, kako se je tekma razpletla.<\/p>\n\n\n\n<p>Na veliko veselje prirediteljev je zmago na preskoku slavila doma\u010dinka Giulia Steingruber s 14,824 to\u010dke. Srebrna je bila najbolj\u0161a iz kvalifikacij Britanka Jessica Gadirova (14,466), bronasta pa Rusinja Angelina Melnikova (14,416).<\/p>\n\n\n\n<p>Kysselefova je za finalni nastop prejela povpre\u010dje 13,666 to\u010dke. &#8220;To prvenstvo, ta finale sem do\u017eivela kot nekaj najlep\u0161ega v karieri doslej. Po\u010dutim se, kot da spet prvi\u010d tekmujem. Ne morem verjeti,&#8221; je vzhi\u010deno pripovedovala in spomnila: &#8220;\u0160e pred dvema mesecema nisem verjela, da se bom lahko pripravila za to prvenstvo. Res se mi je vse &#8216;poklopilo&#8217;. Noro vesela sem, sre\u010dna in hvale\u017ena za vse.&#8221;<\/p>\n\n\n\n<p>Ljubljan\u010danka je bila obenem zadovoljna, da je noga zdr\u017eala, \u010deravno \u010duti bole\u010dine: &#8220;Noga je super, je stabilna. Malo me boli, ampak to sem pri\u010dakovala ob vseh teh doskokih na trdo podlago. Vedela sem, da me to \u010daka. Pomagam si s protivnetnimi tabletami in si nogo hladim z ledom.&#8221;<\/p>\n\n\n\n<p>Tudi pred dana\u0161njim nastopom je imela tremo, vendar je, kot pravi, danes bistveno bolj u\u017eivala v nastopih kot v kvalifikacijah: &#8220;Malo sem bila v skrbeh, ali bo noga zdr\u017eala, morda je bila zato spet prisotna trema. Sicer pa sem vedela, da znam in zmorem. Zelo sem u\u017eivala v nastopu, ki mi je prinesel peto mesto na prvenstvu v olimpijskem letu &#8211; to je res super uspeh.&#8221;<\/p>\n\n\n\n<p>Kysselefova bo skupaj s trenerjem Andrejem Mavri\u010dem \u0161e en dan ostala v Baslu, po\u010dakala bosta sodnike &#8211; v nedeljo sledi \u0161e druga polovica finalov -, nato pa se bodo s kombijem vrnili v domovino. &#8220;Moram re\u010di, da mi zelo prija, da ostanemo tu \u0161e en dan in ne pakiramo domov takoj po tekmi. Tako bom lahko \u0161e malo u\u017eila ta uspeh.&#8221;<\/p>\n\n\n\n<p>Kot je \u0161e dejala, se zaradi praznih tribun brez gledalcev v lu\u010di omejitev koronske pandemije ne po\u010duti ni\u010d prikraj\u0161ano. &#8220;Ne, vzdu\u0161je je bilo vseeno dovolj tekmovalno. Prej bi me iz tira spravila nabito polna dvorana. Pa \u0161e po res dolgem \u010dasu so lahko moji bli\u017enji in ljubitelji na\u0161ega \u0161porta finalne nastope spremljali preko nacionalne televizije, kar mi je dalo kve\u010djemu dodaten elan,&#8221; je sklenila Kysselefova, ki bo sezono nadaljevala na junijskih svetovnih pokalih, jeseni jo \u010daka doma\u010di svetovni pokal v Kopru, nato pa \u0161e svetovno prvenstvo.<\/p>\n\n\n\n<p>Z dana\u0161njim dnem je obenem tudi konec slovenskih nastopov na tem gimnasti\u010dnem EP, na katerem so se delila tudi mesta za poletne olimpijske igre v Tokiu. Med slovenskimi kandidati za zdaj nih\u010de \u0161e ni potrdil olimpijske norme.<\/p>\n","protected":false},"excerpt":{"rendered":"<p>Basel, 24. aprila (STA) &#8211; Slovenska telovadka Tja\u0161a Kysselef je<span class=\"excerpt-hellip\"> [\u2026]<\/span><\/p>\n","protected":false},"author":3,"featured_media":2364,"comment_status":"open","ping_status":"open","sticky":false,"template":"","format":"standard","meta":{"_monsterinsights_skip_tracking":false,"_monsterinsights_sitenote_active":false,"_monsterinsights_sitenote_note":"","_monsterinsights_sitenote_category":0,"footnotes":""},"categories":[28],"tags":[],"class_list":["post-2363","post","type-post","status-publish","format-standard","has-post-thumbnail","hentry","category-vrhunski-sport"],"_links":{"self":[{"href":"https:\/\/gimnasticna-zveza.si\/index.php\/wp-json\/wp\/v2\/posts\/2363","targetHints":{"allow":["GET"]}}],"collection":[{"href":"https:\/\/gimnasticna-zveza.si\/index.php\/wp-json\/wp\/v2\/posts"}],"about":[{"href":"https:\/\/gimnasticna-zveza.si\/index.php\/wp-json\/wp\/v2\/types\/post"}],"author":[{"embeddable":true,"href":"https:\/\/gimnasticna-zveza.si\/index.php\/wp-json\/wp\/v2\/users\/3"}],"replies":[{"embeddable":true,"href":"https:\/\/gimnasticna-zveza.si\/index.php\/wp-json\/wp\/v2\/comments?post=2363"}],"version-history":[{"count":1,"href":"https:\/\/gimnasticna-zveza.si\/index.php\/wp-json\/wp\/v2\/posts\/2363\/revisions"}],"predecessor-version":[{"id":2365,"href":"https:\/\/gimnasticna-zveza.si\/index.php\/wp-json\/wp\/v2\/posts\/2363\/revisions\/2365"}],"wp:featuredmedia":[{"embeddable":true,"href":"https:\/\/gimnasticna-zveza.si\/index.php\/wp-json\/wp\/v2\/media\/2364"}],"wp:attachment":[{"href":"https:\/\/gimnasticna-zveza.si\/index.php\/wp-json\/wp\/v2\/media?parent=2363"}],"wp:term":[{"taxonomy":"category","embeddable":true,"href":"https:\/\/gimnasticna-zveza.si\/index.php\/wp-json\/wp\/v2\/categories?post=2363"},{"taxonomy":"post_tag","embeddable":true,"href":"https:\/\/gimnasticna-zveza.si\/index.php\/wp-json\/wp\/v2\/tags?post=2363"}],"curies":[{"name":"wp","href":"https:\/\/api.w.org\/{rel}","templated":true}]}}