{"id":2088,"date":"2021-02-22T10:29:53","date_gmt":"2021-02-22T08:29:53","guid":{"rendered":"http:\/\/www.gimnasticna-zveza.si\/?p=2088"},"modified":"2021-02-22T10:29:59","modified_gmt":"2021-02-22T08:29:59","slug":"vedenejeva-v-moskvi-do-tretjega-mesta","status":"publish","type":"post","link":"https:\/\/gimnasticna-zveza.si\/index.php\/2021\/02\/22\/vedenejeva-v-moskvi-do-tretjega-mesta\/","title":{"rendered":"Vedenejeva v Moskvi do tretjega mesta"},"content":{"rendered":"\n<p>Slovenska reprezentantka v ritmi\u010dni gimnastiki Jekaterina Vedenejeva je uspe\u0161no za\u010dela olimpijsko sezono na veliki nagradi Moskve. Rusinja s slovenskim potnim listom, ki mora \u0161e potrditi nastop na olimpijskih igrah Tokio 2020, je bila na prvi tekmi leta v mnogoboju osma, zmagala je doma\u010dinka Dina Averina, v finalu s trakom pa tretja.<\/p>\n\n\n\n<p>\u0160estindvajsetletna Rusinja, ki sicer \u017eivi in trenira v mati\u010dni domovini, zadnja leta pa nastopa za Slovenijo, je v Rusiji dobro za\u010dela olimpijsko leto 2021.<\/p>\n\n\n\n<p>Zadnja velika tekma je bila novembrsko evropsko prvenstvo v Kijevu, edina ve\u010dja tekma za ritmi\u010darke v koronskem letu 2020, Vedenejeva pa je takrat s 13. mestom zaostala za svojim ciljem &#8211; uvrstitvijo med najbolj\u0161o osmerico. Prvenstvo sicer zaradi okrnjene konkurence, nastopile niso niti Rusinje, ni \u0161telo kot kvalifikacije za Tokio.<\/p>\n\n\n\n<p>A letos bodo \u0161e prilo\u017enosti. Za ogrevanje je Vedenejeva na veliki nagradi Moskve, tekma je bila zaradi koronske pandemije pri\u010dakovano slab\u0161e zasedena kot sicer, uspe\u0161no opravila svoje delo in v mnogoboju zasedla osmo mesto ter se uvrstila v vse \u0161tiri finale z rekviziti.<\/p>\n\n\n\n<p>V finalih je ponovila dobre predstave in s trakom tako kot lani zasedla tretje mesto, z \u017eogo in obro\u010dem je bila \u010detrta, s kiji pa peta, kar je dober obet za nadaljevanje sezone.<\/p>\n\n\n\n<p>Najuspe\u0161nej\u0161a tekmovalka prve VN je bila na doma\u010dem terenu pred gledalci &#8211; dvorana je bila lahko 50-odstotno zasedena &#8211; pri\u010dakovano ve\u010dkratna svetovna in evropska prvakinja Dina Averina, prva favoritinja tudi za olimpijski naslov v Tokiu.<\/p>\n\n\n\n<p>&#8220;Zelo smo pogre\u0161ale tekmovanja z gledalci na tribunah, saj te obi\u010dajno oni kar ponesejo na tekmovalni tepih in so velika spodbuda. \u010ceprav se nisem najbolje po\u010dutila te dni, me je podpora ob\u010dinstva dodatno pod\u017egala. Trdo sem trenirala, vendar je moje telo o\u010ditno med prisilnim enoletnim premorom izgubilo ob\u010dutke, kako je tekmovati,&#8221; je po nastopih za rusko agencijo Tass povedala Averina.<\/p>\n\n\n\n<p>Najpomembnej\u0161a tekma sezone pred EP v Varni (9. &#8211; 13. junij) in nato OI bo za ritmi\u010darke sicer konec marca, ko se bodo na svetovnem pokalu v Sofiji med 26. in 28. marcem borile za vstopnice za poletne OI, so sporo\u010dili pri Mednarodni gimnasti\u010dni zvezi (Fig).<\/p>\n","protected":false},"excerpt":{"rendered":"<p>Slovenska reprezentantka v ritmi\u010dni gimnastiki Jekaterina Vedenejeva je uspe\u0161no za\u010dela<span class=\"excerpt-hellip\"> [\u2026]<\/span><\/p>\n","protected":false},"author":3,"featured_media":2089,"comment_status":"open","ping_status":"open","sticky":false,"template":"","format":"standard","meta":{"_monsterinsights_skip_tracking":false,"_monsterinsights_sitenote_active":false,"_monsterinsights_sitenote_note":"","_monsterinsights_sitenote_category":0,"footnotes":""},"categories":[28],"tags":[],"class_list":["post-2088","post","type-post","status-publish","format-standard","has-post-thumbnail","hentry","category-vrhunski-sport"],"_links":{"self":[{"href":"https:\/\/gimnasticna-zveza.si\/index.php\/wp-json\/wp\/v2\/posts\/2088","targetHints":{"allow":["GET"]}}],"collection":[{"href":"https:\/\/gimnasticna-zveza.si\/index.php\/wp-json\/wp\/v2\/posts"}],"about":[{"href":"https:\/\/gimnasticna-zveza.si\/index.php\/wp-json\/wp\/v2\/types\/post"}],"author":[{"embeddable":true,"href":"https:\/\/gimnasticna-zveza.si\/index.php\/wp-json\/wp\/v2\/users\/3"}],"replies":[{"embeddable":true,"href":"https:\/\/gimnasticna-zveza.si\/index.php\/wp-json\/wp\/v2\/comments?post=2088"}],"version-history":[{"count":2,"href":"https:\/\/gimnasticna-zveza.si\/index.php\/wp-json\/wp\/v2\/posts\/2088\/revisions"}],"predecessor-version":[{"id":2091,"href":"https:\/\/gimnasticna-zveza.si\/index.php\/wp-json\/wp\/v2\/posts\/2088\/revisions\/2091"}],"wp:featuredmedia":[{"embeddable":true,"href":"https:\/\/gimnasticna-zveza.si\/index.php\/wp-json\/wp\/v2\/media\/2089"}],"wp:attachment":[{"href":"https:\/\/gimnasticna-zveza.si\/index.php\/wp-json\/wp\/v2\/media?parent=2088"}],"wp:term":[{"taxonomy":"category","embeddable":true,"href":"https:\/\/gimnasticna-zveza.si\/index.php\/wp-json\/wp\/v2\/categories?post=2088"},{"taxonomy":"post_tag","embeddable":true,"href":"https:\/\/gimnasticna-zveza.si\/index.php\/wp-json\/wp\/v2\/tags?post=2088"}],"curies":[{"name":"wp","href":"https:\/\/api.w.org\/{rel}","templated":true}]}}